{"id":17856,"date":"2025-12-19T08:28:09","date_gmt":"2025-12-19T11:28:09","guid":{"rendered":"https:\/\/notipampa.com\/?p=17856"},"modified":"2025-12-19T08:28:10","modified_gmt":"2025-12-19T11:28:10","slug":"definieron-el-calendario-del-torneo-provincial-2026-cambios-en-las-categorias-y-fechas-confirmadas","status":"publish","type":"post","link":"https:\/\/notipampa.com\/?p=17856","title":{"rendered":"Definieron el calendario del Torneo Provincial 2026: cambios en las categor\u00edas y fechas confirmadas"},"content":{"rendered":"\n<p><strong>En una reuni\u00f3n clave mantenida este jueves por la ma\u00f1ana, los representantes del\u00a0Ente Provincial de F\u00fatbol\u00a0establecieron el cronograma de competencias para la temporada 2026. Los anuncios marcan una hoja de ruta clara para las ligas pampeanas, destacando el regreso del f\u00fatbol femenino en el primer trimestre y una reestructuraci\u00f3n en las categor\u00edas formativas.<\/strong><\/p>\n\n\n\n<h3 class=\"wp-block-heading\">El cronograma de las competencias<\/h3>\n\n\n\n<p>De acuerdo a lo resuelto por las autoridades deportivas, el calendario oficial se pondr\u00e1 en marcha con el&nbsp;<strong>Torneo Provincial de F\u00fatbol Femenino<\/strong>, el cual qued\u00f3 ratificado para el mes de&nbsp;<strong>marzo de 2026<\/strong>. Esta decisi\u00f3n busca dar protagonismo a la disciplina en el inicio del a\u00f1o deportivo.<\/p>\n\n\n\n<p>Por otro lado, la competencia de&nbsp;<strong>Mayores<\/strong>&nbsp;\u2014el certamen de f\u00fatbol masculino m\u00e1s importante de la provincia\u2014 iniciar\u00e1 en&nbsp;<strong>septiembre de 2026<\/strong>. La clasificaci\u00f3n al mismo se determinar\u00e1, como es habitual, a trav\u00e9s del desempe\u00f1o de los equipos en los torneos que la Liga Pampeana y la Liga Cultural desarrollen durante la primera mitad de ese a\u00f1o.<\/p>\n\n\n\n<h3 class=\"wp-block-heading\">Cambios en las categor\u00edas formativas<\/h3>\n\n\n\n<p>Una de las novedades m\u00e1s salientes del encuentro fue la confirmaci\u00f3n de que&nbsp;<strong>no se disputar\u00e1 el Torneo Provincial de categor\u00eda Sub 20<\/strong>. Esta medida obliga a los clubes a replantear la competencia de sus juveniles de cara al calendario oficial del Ente.<\/p>\n\n\n\n<p>En cuanto a las categor\u00edas&nbsp;<strong>Inferiores<\/strong>, se confirm\u00f3 que el certamen tendr\u00e1 lugar sobre el&nbsp;<strong>cierre del a\u00f1o 2026<\/strong>, aunque todav\u00eda no se ha establecido una fecha exacta para el puntapi\u00e9 inicial.<\/p>\n\n\n\n<h3 class=\"wp-block-heading\">Resumen de las resoluciones:<\/h3>\n\n\n\n<ul class=\"wp-block-list\">\n<li><strong>F\u00fatbol Femenino:<\/strong>\u00a0Comienza en marzo de 2026.<\/li>\n\n\n\n<li><strong>Mayores:<\/strong>\u00a0Comienza en septiembre de 2026 (clasifican por ligas locales).<\/li>\n\n\n\n<li><strong>Inferiores:<\/strong>\u00a0Programado para fin de a\u00f1o (fecha a confirmar).<\/li>\n\n\n\n<li><strong>Sub 20:<\/strong>\u00a0No se realizar\u00e1 la competencia provincial.<\/li>\n<\/ul>\n\n\n\n<p>Esta planificaci\u00f3n permite a las instituciones de General Pico y del resto de la provincia una mayor previsibilidad para organizar sus planteles y presupuestos de cara a un 2026 que tendr\u00e1 una agenda cargada de f\u00fatbol en el segundo semestre.<\/p>\n\n\n\n<p>Fuente: Infopico<\/p>\n","protected":false},"excerpt":{"rendered":"<p>En una reuni\u00f3n clave mantenida este jueves por la ma\u00f1ana, los representantes del\u00a0Ente Provincial de F\u00fatbol\u00a0establecieron el cronograma de competencias<\/p>\n","protected":false},"author":1,"featured_media":17857,"comment_status":"open","ping_status":"open","sticky":false,"template":"","format":"standard","meta":{"colormag_page_container_layout":"default_layout","colormag_page_sidebar_layout":"default_layout","footnotes":""},"categories":[10,4,8],"tags":[],"class_list":["post-17856","post","type-post","status-publish","format-standard","has-post-thumbnail","hentry","category-sports","category-provincia","category-ultimas-noticias"],"_links":{"self":[{"href":"https:\/\/notipampa.com\/index.php?rest_route=\/wp\/v2\/posts\/17856","targetHints":{"allow":["GET"]}}],"collection":[{"href":"https:\/\/notipampa.com\/index.php?rest_route=\/wp\/v2\/posts"}],"about":[{"href":"https:\/\/notipampa.com\/index.php?rest_route=\/wp\/v2\/types\/post"}],"author":[{"embeddable":true,"href":"https:\/\/notipampa.com\/index.php?rest_route=\/wp\/v2\/users\/1"}],"replies":[{"embeddable":true,"href":"https:\/\/notipampa.com\/index.php?rest_route=%2Fwp%2Fv2%2Fcomments&post=17856"}],"version-history":[{"count":1,"href":"https:\/\/notipampa.com\/index.php?rest_route=\/wp\/v2\/posts\/17856\/revisions"}],"predecessor-version":[{"id":17858,"href":"https:\/\/notipampa.com\/index.php?rest_route=\/wp\/v2\/posts\/17856\/revisions\/17858"}],"wp:featuredmedia":[{"embeddable":true,"href":"https:\/\/notipampa.com\/index.php?rest_route=\/wp\/v2\/media\/17857"}],"wp:attachment":[{"href":"https:\/\/notipampa.com\/index.php?rest_route=%2Fwp%2Fv2%2Fmedia&parent=17856"}],"wp:term":[{"taxonomy":"category","embeddable":true,"href":"https:\/\/notipampa.com\/index.php?rest_route=%2Fwp%2Fv2%2Fcategories&post=17856"},{"taxonomy":"post_tag","embeddable":true,"href":"https:\/\/notipampa.com\/index.php?rest_route=%2Fwp%2Fv2%2Ftags&post=17856"}],"curies":[{"name":"wp","href":"https:\/\/api.w.org\/{rel}","templated":true}]}}