{"id":17756,"date":"2025-11-28T18:26:08","date_gmt":"2025-11-28T21:26:08","guid":{"rendered":"https:\/\/notipampa.com\/?p=17756"},"modified":"2025-11-28T18:26:09","modified_gmt":"2025-11-28T21:26:09","slug":"alvear-celebro-su-129-aniversario-con-actividades-que-impulsan-el-ambiente-la-movilidad-segura-y-la-participacion-comunitaria","status":"publish","type":"post","link":"https:\/\/notipampa.com\/?p=17756","title":{"rendered":"Alvear celebr\u00f3 su 129\u00b0 aniversario con actividades que impulsan el ambiente, la movilidad segura y la participaci\u00f3n comunitaria"},"content":{"rendered":"\n<p><strong>En el marco de los festejos por el 129\u00b0 aniversario de Intendente Alvear, el municipio desarroll\u00f3 dos importantes actividades que reflejan el compromiso de la comunidad con la sustentabilidad, la creatividad juvenil y la planificaci\u00f3n urbana: la inauguraci\u00f3n de la primera ciclo v\u00eda de la localidad, ubicada sobre el acceso Fort\u00edn Alsina y una nueva edici\u00f3n del certamen #AlvearRecicla.<\/strong><\/p>\n\n\n\n<p>Inauguraci\u00f3n de la primera ciclo v\u00eda de Intendente Alvear<\/p>\n\n\n\n<p>El jueves por la tarde se llev\u00f3 a cabo la inauguraci\u00f3n oficial de la primera ciclo v\u00eda de la localidad, una obra que marca un hito en materia de movilidad urbana, seguridad vial y cuidado del ambiente. El nuevo tramo, de 1100 metros de extensi\u00f3n, se construy\u00f3 sobre la cinta asf\u00e1ltica con se\u00f1alizaci\u00f3n horizontal y vertical, demarcaci\u00f3n reflectiva y un dise\u00f1o pensado para garantizar accesibilidad y circulaci\u00f3n ordenada entre ciclistas, peatones y veh\u00edculos.<\/p>\n\n\n\n<p>Durante el acto, la intendenta Agustina Garc\u00eda destac\u00f3 que \u201ceste es un peque\u00f1o aporte a la comunidad. Sabemos que es un espacio que much\u00edsimos vecinos utilizan para hacer actividad f\u00edsica, entrenar o recrearse. Este proyecto se concret\u00f3 gracias a una inversi\u00f3n del programa de Participaci\u00f3n Comunitaria, fondos espec\u00edficos que no pueden destinarse a otros requerimientos, por lo que deben orientarse a peque\u00f1os proyectos de uso comunitario. El a\u00f1o pasado, con este mismo programa, reacondicionamos el parque infantil; este a\u00f1o quisimos sumar un nuevo espacio para seguir mejorando nuestros entornos de encuentro.\u201d<\/p>\n\n\n\n<p>La obra demand\u00f3 una inversi\u00f3n de $7.800.000, gestionados a trav\u00e9s del Programa de Participaci\u00f3n Ciudadana, reafirmando el compromiso municipal de avanzar junto a la comunidad y dar respuesta a sus demandas.<\/p>\n\n\n\n<p>Tras sus palabras, se realiz\u00f3 el tradicional corte de cintas junto a la secretaria de Obras P\u00fablicas, Camila Rodr\u00edguez, autoridades y vecinos presentes.<\/p>\n\n\n\n<p>Alvear Recicla 2025: creatividad, identidad y compromiso ambiental<\/p>\n\n\n\n<p>En el marco de la edici\u00f3n 2025 del programa #AlvearRecicla, la Municipalidad de Intendente Alvear impuls\u00f3 una nueva instancia del ya tradicional certamen que cada a\u00f1o convoca a los estudiantes a pensar y crear propuestas vinculadas al ambiente, la reutilizaci\u00f3n de materiales y el dise\u00f1o urbano.<\/p>\n\n\n\n<p>En esta oportunidad, el desaf\u00edo estuvo dirigido a los alumnos de los ciclos superiores, quienes debieron dise\u00f1ar un T\u00f3tem Identificatorio para la entrada a la localidad sobre el Acceso Centenario, &nbsp;integrando creatividad, sustentabilidad e identidad alvearense. El concurso cont\u00f3 con la valiosa tutor\u00eda de los arquitectos locales F\u00e1tima Urritia, Ignacio \u00c1lvarez Sub\u00edas y Hern\u00e1n Devanna, quienes acompa\u00f1aron el proceso de dise\u00f1o, brindando orientaci\u00f3n t\u00e9cnica y fortaleciendo el trabajo proyectual de cada grupo.<\/p>\n\n\n\n<p>Se presentaron dos propuestas pertenecientes a estudiantes de la EPET N\u00b07, demostrando gran compromiso, originalidad y una mirada innovadora sobre el uso de materiales recuperados y la integraci\u00f3n con el espacio p\u00fablico.<\/p>\n\n\n\n<p>Tras la evaluaci\u00f3n final, result\u00f3 ganador el proyecto elaborado por 6\u00b0 II y 5\u00b0 a\u00f1o, que se destac\u00f3 por su dise\u00f1o, su integraci\u00f3n ambiental y el sentir identitario. Asimismo, el jurado otorg\u00f3 una Menci\u00f3n Especial al equipo de 6\u00b0 I, reconociendo la calidad de su propuesta, su visi\u00f3n y su aporte al certamen.<\/p>\n\n\n\n<p>Premios<\/p>\n\n\n\n<p>Primer Premio: &nbsp;$250.000 y Un conjunto de mobiliario tipo camping fabricado en madera pl\u00e1stica recuperada por la empresa El CICLO SRL.&nbsp; Para la Menci\u00f3n Especial: $100.000<\/p>\n\n\n\n<p>Esta edici\u00f3n reafirma el compromiso de la comunidad educativa, los profesionales locales y el municipio por seguir promoviendo la creatividad, la conciencia ambiental y el dise\u00f1o responsable como herramientas para transformar y embellecer nuestros espacios p\u00fablicos.<\/p>\n\n\n\n<p>La Municipalidad de intendente Alvear agradece profundamente a las personas del jurado, quienes brindaron su tiempo y conocimientos necesarios en esta selecci\u00f3n.<\/p>\n\n\n\n<figure class=\"wp-block-gallery has-nested-images columns-default is-cropped wp-block-gallery-1 is-layout-flex wp-block-gallery-is-layout-flex\">\n<figure class=\"wp-block-image size-large\"><img fetchpriority=\"high\" decoding=\"async\" width=\"1024\" height=\"461\" data-id=\"17759\" src=\"https:\/\/notipampa.com\/wp-content\/uploads\/2025\/11\/20251127_185810-1024x461.jpg\" alt=\"\" class=\"wp-image-17759\" srcset=\"https:\/\/notipampa.com\/wp-content\/uploads\/2025\/11\/20251127_185810-1024x461.jpg 1024w, https:\/\/notipampa.com\/wp-content\/uploads\/2025\/11\/20251127_185810-300x135.jpg 300w, https:\/\/notipampa.com\/wp-content\/uploads\/2025\/11\/20251127_185810-768x346.jpg 768w, https:\/\/notipampa.com\/wp-content\/uploads\/2025\/11\/20251127_185810-1536x691.jpg 1536w, https:\/\/notipampa.com\/wp-content\/uploads\/2025\/11\/20251127_185810-2048x922.jpg 2048w\" sizes=\"(max-width: 1024px) 100vw, 1024px\" \/><\/figure>\n\n\n\n<figure class=\"wp-block-image size-large\"><img decoding=\"async\" width=\"1024\" height=\"461\" data-id=\"17758\" src=\"https:\/\/notipampa.com\/wp-content\/uploads\/2025\/11\/20251127_192443-1024x461.jpg\" alt=\"\" class=\"wp-image-17758\" srcset=\"https:\/\/notipampa.com\/wp-content\/uploads\/2025\/11\/20251127_192443-1024x461.jpg 1024w, https:\/\/notipampa.com\/wp-content\/uploads\/2025\/11\/20251127_192443-300x135.jpg 300w, https:\/\/notipampa.com\/wp-content\/uploads\/2025\/11\/20251127_192443-768x346.jpg 768w, https:\/\/notipampa.com\/wp-content\/uploads\/2025\/11\/20251127_192443-1536x691.jpg 1536w, https:\/\/notipampa.com\/wp-content\/uploads\/2025\/11\/20251127_192443-2048x922.jpg 2048w\" sizes=\"(max-width: 1024px) 100vw, 1024px\" \/><\/figure>\n<\/figure>\n","protected":false},"excerpt":{"rendered":"<p>En el marco de los festejos por el 129\u00b0 aniversario de Intendente Alvear, el municipio desarroll\u00f3 dos importantes actividades que<\/p>\n","protected":false},"author":1,"featured_media":17757,"comment_status":"open","ping_status":"open","sticky":false,"template":"","format":"standard","meta":{"colormag_page_container_layout":"default_layout","colormag_page_sidebar_layout":"default_layout","footnotes":""},"categories":[6,8],"tags":[],"class_list":["post-17756","post","type-post","status-publish","format-standard","has-post-thumbnail","hentry","category-locales","category-ultimas-noticias"],"_links":{"self":[{"href":"https:\/\/notipampa.com\/index.php?rest_route=\/wp\/v2\/posts\/17756","targetHints":{"allow":["GET"]}}],"collection":[{"href":"https:\/\/notipampa.com\/index.php?rest_route=\/wp\/v2\/posts"}],"about":[{"href":"https:\/\/notipampa.com\/index.php?rest_route=\/wp\/v2\/types\/post"}],"author":[{"embeddable":true,"href":"https:\/\/notipampa.com\/index.php?rest_route=\/wp\/v2\/users\/1"}],"replies":[{"embeddable":true,"href":"https:\/\/notipampa.com\/index.php?rest_route=%2Fwp%2Fv2%2Fcomments&post=17756"}],"version-history":[{"count":1,"href":"https:\/\/notipampa.com\/index.php?rest_route=\/wp\/v2\/posts\/17756\/revisions"}],"predecessor-version":[{"id":17760,"href":"https:\/\/notipampa.com\/index.php?rest_route=\/wp\/v2\/posts\/17756\/revisions\/17760"}],"wp:featuredmedia":[{"embeddable":true,"href":"https:\/\/notipampa.com\/index.php?rest_route=\/wp\/v2\/media\/17757"}],"wp:attachment":[{"href":"https:\/\/notipampa.com\/index.php?rest_route=%2Fwp%2Fv2%2Fmedia&parent=17756"}],"wp:term":[{"taxonomy":"category","embeddable":true,"href":"https:\/\/notipampa.com\/index.php?rest_route=%2Fwp%2Fv2%2Fcategories&post=17756"},{"taxonomy":"post_tag","embeddable":true,"href":"https:\/\/notipampa.com\/index.php?rest_route=%2Fwp%2Fv2%2Ftags&post=17756"}],"curies":[{"name":"wp","href":"https:\/\/api.w.org\/{rel}","templated":true}]}}