{"id":17749,"date":"2025-11-28T18:23:47","date_gmt":"2025-11-28T21:23:47","guid":{"rendered":"https:\/\/notipampa.com\/?p=17749"},"modified":"2025-11-28T18:23:49","modified_gmt":"2025-11-28T21:23:49","slug":"intendente-alvear-celebro-su-129o-aniversario-con-un-emotivo-acto","status":"publish","type":"post","link":"https:\/\/notipampa.com\/?p=17749","title":{"rendered":"Intendente Alvear celebr\u00f3 su 129\u00ba aniversario con un emotivo acto"},"content":{"rendered":"\n<p><strong>La Municipalidad de Intendente Alvear llev\u00f3 adelante el acto oficial y desfile institucional en conmemoraci\u00f3n del 129\u00ba aniversario de la localidad, una celebraci\u00f3n cargada de emoci\u00f3n, identidad y reconocimiento comunitario. La jornada inici\u00f3 con un profundo mensaje de agradecimiento y unidad luego de la reciente tormenta que afect\u00f3 a la localidad y que puso en evidencia, una vez m\u00e1s, la fortaleza y solidaridad del pueblo alvearense.<\/strong><\/p>\n\n\n\n<p>En la apertura, se destac\u00f3 especialmente el accionar ejemplar de todas las \u00e1reas que trabajaron para asistir a las familias afectadas: Bomberos Voluntarios de Intendente Alvear, Polic\u00eda Departamental, Hospital Reumann Enz, Personal de la Cooperativa El\u00e9ctrica, Trabajadores de la Coseria, Cuadrillas municipales y Servicios P\u00fablicos.<\/p>\n\n\n\n<p>El reconocimiento expres\u00f3 la gratitud del municipio hacia todos los que colaboraron desde el primer momento, reafirmando que Intendente Alvear \u201ces un pueblo que se sostiene en la solidaridad y el acompa\u00f1amiento mutuo\u201d.<\/p>\n\n\n\n<p><strong>Ingreso de Banderas de Ceremonia<\/strong><\/p>\n\n\n\n<p>El acto continu\u00f3 con el ingreso de las banderas de ceremonia de las instituciones educativas: Escuela N\u00ba 17 \u2013 Instituto Heguy de la Sagrada Familia \u2013 Escuela N\u00ba 196 \u2013 Instituto Nuestra Se\u00f1ora de Luj\u00e1n \u2013 EPET N\u00ba 7 \u2013 Escuela N\u00ba 236 \u2013 Colegio Alicia Moreau de Justo \u2013 Escuela para Adultos. Luego, se entonaron las estrofas del Himno Nacional Argentino, interpretado con profundo respeto por los presentes.<\/p>\n\n\n\n<p><strong>Palabras de la Intendenta Municipal Mar\u00eda Agustina Garc\u00eda<\/strong><\/p>\n\n\n\n<p>La intendenta Mar\u00eda Agustina Garc\u00eda dirigi\u00f3 un mensaje cargado de emoci\u00f3n y cercan\u00eda con la comunidad. En su discurso destac\u00f3:&nbsp;<em>&nbsp;\u201cFrente a la adversidad, una vez m\u00e1s demostramos que Alvear se construye con solidaridad, con compromiso y con la capacidad de estar unidos cuando m\u00e1s se necesita.\u201d<\/em><\/p>\n\n\n\n<p>Subray\u00f3 el trabajo de las instituciones, el acompa\u00f1amiento del Gobierno Provincial y el desaf\u00edo de seguir fortaleciendo infraestructura, servicios y oportunidades; tambi\u00e9n comparti\u00f3 una reflexi\u00f3n personal: &nbsp;<em>\u201cSer intendenta no es s\u00f3lo una responsabilidad institucional, es un honor profundamente humano. Camin\u00e9 estas calles desde ni\u00f1a, crec\u00ed entre su gente y cada paso que damos como comunidad lo siento como propio\u201d.<\/em>&nbsp;El mensaje cerr\u00f3 con un saludo especial por el aniversario y un llamado a continuar trabajando unidos:<\/p>\n\n\n\n<p>El Director de Asuntos Municipales Zona Norte, Juan Pavoni, acompa\u00f1\u00f3 el acto y dirigi\u00f3 unas palabras en nombre del Gobierno Provincial. Destac\u00f3 el trabajo articulado con la municipalidad y el esfuerzo de la comunidad tras la tormenta:&nbsp;<em>\u201cLos pueblos se conocen verdaderamente en los momentos dif\u00edciles, y Alvear volvi\u00f3 a demostrar que su mayor fortaleza es su gente.\u201d<\/em><\/p>\n\n\n\n<p>Y renov\u00f3 el compromiso provincial para continuar acompa\u00f1ando a la localidad en obras, equipamiento y asistencia.<\/p>\n\n\n\n<p><strong>Inicio del Desfile Institucional<\/strong><\/p>\n\n\n\n<p>El desfile cont\u00f3 con la participaci\u00f3n de instituciones educativas, intermedias, deportivas, fuerzas vivas y agrupaciones tradicionalistas. Encabezaron el paso el cuerpo de Bastoneras de la Municipalidad de Intendente Alvear, junto al vuelo de dos aviones pertenecientes al Aero Club Carlos No\u00e9 Caccia, acompa\u00f1ados tambi\u00e9n por la Banda Municipal. Estuvieron presentes todas las instituciones educativas de la localidad, las Fuerzas de seguridad y servicios, Polic\u00eda de La Pampa, Bomberos Voluntarios, Instituciones y organizaciones deportivas, sociales y culturales; tambi\u00e9n las Agrupaciones tradicionalistas y academias de danzas tradicionales.<\/p>\n\n\n\n<p>El desfile puso en valor la identidad alvearense, mostrando a cada instituci\u00f3n que d\u00eda a d\u00eda forma parte del crecimiento de la comunidad.<\/p>\n\n\n\n<p><strong>Muestra Est\u00e1tica de Maquinaria Municipal<\/strong><\/p>\n\n\n\n<p>Como parte de las actividades del aniversario, el municipio present\u00f3 una muestra est\u00e1tica de veh\u00edculos y maquinaria adquirida recientemente, destinada a fortalecer el trabajo cotidiano en obras y servicios p\u00fablicos. Entre ellas: Motoniveladora Fiat Allis; Camioneta Chevrolet S10; Doble acci\u00f3n; Cami\u00f3n volcador; Tractor Someca; Trafic Mercedes.La exposici\u00f3n permiti\u00f3 a la comunidad conocer de cerca las nuevas herramientas que se incorporaron a la flota municipal para mejorar la prestaci\u00f3n de servicios<\/p>\n\n\n\n<figure class=\"wp-block-gallery has-nested-images columns-default is-cropped wp-block-gallery-1 is-layout-flex wp-block-gallery-is-layout-flex\">\n<figure class=\"wp-block-image size-large\"><img fetchpriority=\"high\" decoding=\"async\" width=\"1024\" height=\"461\" data-id=\"17751\" src=\"https:\/\/notipampa.com\/wp-content\/uploads\/2025\/11\/20251126_100050-1024x461.jpg\" alt=\"\" class=\"wp-image-17751\" srcset=\"https:\/\/notipampa.com\/wp-content\/uploads\/2025\/11\/20251126_100050-1024x461.jpg 1024w, https:\/\/notipampa.com\/wp-content\/uploads\/2025\/11\/20251126_100050-300x135.jpg 300w, https:\/\/notipampa.com\/wp-content\/uploads\/2025\/11\/20251126_100050-768x346.jpg 768w, https:\/\/notipampa.com\/wp-content\/uploads\/2025\/11\/20251126_100050-1536x691.jpg 1536w, https:\/\/notipampa.com\/wp-content\/uploads\/2025\/11\/20251126_100050-2048x922.jpg 2048w\" sizes=\"(max-width: 1024px) 100vw, 1024px\" \/><\/figure>\n\n\n\n<figure class=\"wp-block-image size-large\"><img decoding=\"async\" width=\"1024\" height=\"461\" data-id=\"17754\" src=\"https:\/\/notipampa.com\/wp-content\/uploads\/2025\/11\/20251126_093722-1024x461.jpg\" alt=\"\" class=\"wp-image-17754\" srcset=\"https:\/\/notipampa.com\/wp-content\/uploads\/2025\/11\/20251126_093722-1024x461.jpg 1024w, https:\/\/notipampa.com\/wp-content\/uploads\/2025\/11\/20251126_093722-300x135.jpg 300w, https:\/\/notipampa.com\/wp-content\/uploads\/2025\/11\/20251126_093722-768x346.jpg 768w, https:\/\/notipampa.com\/wp-content\/uploads\/2025\/11\/20251126_093722-1536x691.jpg 1536w, https:\/\/notipampa.com\/wp-content\/uploads\/2025\/11\/20251126_093722-2048x922.jpg 2048w\" sizes=\"(max-width: 1024px) 100vw, 1024px\" \/><\/figure>\n\n\n\n<figure class=\"wp-block-image size-large\"><img decoding=\"async\" width=\"1024\" height=\"461\" data-id=\"17752\" src=\"https:\/\/notipampa.com\/wp-content\/uploads\/2025\/11\/20251126_093847-1024x461.jpg\" alt=\"\" class=\"wp-image-17752\" srcset=\"https:\/\/notipampa.com\/wp-content\/uploads\/2025\/11\/20251126_093847-1024x461.jpg 1024w, https:\/\/notipampa.com\/wp-content\/uploads\/2025\/11\/20251126_093847-300x135.jpg 300w, https:\/\/notipampa.com\/wp-content\/uploads\/2025\/11\/20251126_093847-768x346.jpg 768w, https:\/\/notipampa.com\/wp-content\/uploads\/2025\/11\/20251126_093847-1536x691.jpg 1536w, https:\/\/notipampa.com\/wp-content\/uploads\/2025\/11\/20251126_093847-2048x922.jpg 2048w\" sizes=\"(max-width: 1024px) 100vw, 1024px\" \/><\/figure>\n\n\n\n<figure class=\"wp-block-image size-large\"><img loading=\"lazy\" decoding=\"async\" width=\"1024\" height=\"461\" data-id=\"17753\" src=\"https:\/\/notipampa.com\/wp-content\/uploads\/2025\/11\/20251126_100004-1024x461.jpg\" alt=\"\" class=\"wp-image-17753\" srcset=\"https:\/\/notipampa.com\/wp-content\/uploads\/2025\/11\/20251126_100004-1024x461.jpg 1024w, https:\/\/notipampa.com\/wp-content\/uploads\/2025\/11\/20251126_100004-300x135.jpg 300w, https:\/\/notipampa.com\/wp-content\/uploads\/2025\/11\/20251126_100004-768x346.jpg 768w, https:\/\/notipampa.com\/wp-content\/uploads\/2025\/11\/20251126_100004-1536x691.jpg 1536w, https:\/\/notipampa.com\/wp-content\/uploads\/2025\/11\/20251126_100004-2048x922.jpg 2048w\" sizes=\"(max-width: 1024px) 100vw, 1024px\" \/><\/figure>\n<\/figure>\n","protected":false},"excerpt":{"rendered":"<p>La Municipalidad de Intendente Alvear llev\u00f3 adelante el acto oficial y desfile institucional en conmemoraci\u00f3n del 129\u00ba aniversario de la<\/p>\n","protected":false},"author":1,"featured_media":17750,"comment_status":"open","ping_status":"open","sticky":false,"template":"","format":"standard","meta":{"colormag_page_container_layout":"default_layout","colormag_page_sidebar_layout":"default_layout","footnotes":""},"categories":[6,8],"tags":[],"class_list":["post-17749","post","type-post","status-publish","format-standard","has-post-thumbnail","hentry","category-locales","category-ultimas-noticias"],"_links":{"self":[{"href":"https:\/\/notipampa.com\/index.php?rest_route=\/wp\/v2\/posts\/17749","targetHints":{"allow":["GET"]}}],"collection":[{"href":"https:\/\/notipampa.com\/index.php?rest_route=\/wp\/v2\/posts"}],"about":[{"href":"https:\/\/notipampa.com\/index.php?rest_route=\/wp\/v2\/types\/post"}],"author":[{"embeddable":true,"href":"https:\/\/notipampa.com\/index.php?rest_route=\/wp\/v2\/users\/1"}],"replies":[{"embeddable":true,"href":"https:\/\/notipampa.com\/index.php?rest_route=%2Fwp%2Fv2%2Fcomments&post=17749"}],"version-history":[{"count":1,"href":"https:\/\/notipampa.com\/index.php?rest_route=\/wp\/v2\/posts\/17749\/revisions"}],"predecessor-version":[{"id":17755,"href":"https:\/\/notipampa.com\/index.php?rest_route=\/wp\/v2\/posts\/17749\/revisions\/17755"}],"wp:featuredmedia":[{"embeddable":true,"href":"https:\/\/notipampa.com\/index.php?rest_route=\/wp\/v2\/media\/17750"}],"wp:attachment":[{"href":"https:\/\/notipampa.com\/index.php?rest_route=%2Fwp%2Fv2%2Fmedia&parent=17749"}],"wp:term":[{"taxonomy":"category","embeddable":true,"href":"https:\/\/notipampa.com\/index.php?rest_route=%2Fwp%2Fv2%2Fcategories&post=17749"},{"taxonomy":"post_tag","embeddable":true,"href":"https:\/\/notipampa.com\/index.php?rest_route=%2Fwp%2Fv2%2Ftags&post=17749"}],"curies":[{"name":"wp","href":"https:\/\/api.w.org\/{rel}","templated":true}]}}