{"id":17726,"date":"2025-11-26T08:35:33","date_gmt":"2025-11-26T11:35:33","guid":{"rendered":"https:\/\/notipampa.com\/?p=17726"},"modified":"2025-11-26T08:35:34","modified_gmt":"2025-11-26T11:35:34","slug":"alvear-la-escuela-no-236-celebro-el-dia-de-la-soberania-nacional","status":"publish","type":"post","link":"https:\/\/notipampa.com\/?p=17726","title":{"rendered":"Alvear: La Escuela N\u00ba 236 celebr\u00f3 el D\u00eda de la Soberan\u00eda Nacional"},"content":{"rendered":"\n<p>La comunidad educativa de la <strong>Escuela N\u00ba 236<\/strong> conmemor\u00f3 el <strong>D\u00eda de la Soberan\u00eda Nacional<\/strong> con un acto lleno de emoci\u00f3n, historia y tradici\u00f3n, recordando la valent\u00eda y la uni\u00f3n del pueblo argentino durante la <strong>Batalla de la Vuelta de Obligado<\/strong>.<\/p>\n\n\n\n<p>La jornada comenz\u00f3 con la lectura del poema <strong>\u201cLa Vuelta de Obligado\u201d<\/strong>, del libro <em>Retrato de Mujer<\/em>, que dio marco a una representaci\u00f3n realizada por los estudiantes de <strong>quinto grado<\/strong>, quienes interpretaron este hecho hist\u00f3rico con gran compromiso y creatividad.<\/p>\n\n\n\n<p>Para cerrar el acto, los chicos compartieron un <strong>baile t\u00edpico<\/strong>, llenando el sal\u00f3n de color y tradici\u00f3n, y reforzando el valor cultural de nuestras ra\u00edces.<\/p>\n\n\n\n<p>La directora <strong>Viviana Tom\u00e1s<\/strong> agradeci\u00f3 la presencia de autoridades y familias, y destac\u00f3 el trabajo de alumnos y docentes para mantener vivas las fechas patrias. Subray\u00f3 adem\u00e1s la importancia de aprender de nuestra historia y transmitir su significado, \u201cense\u00f1ando a defender en todo momento nuestra soberan\u00eda patria\u201d.<\/p>\n\n\n\n<figure class=\"wp-block-image size-large\"><img fetchpriority=\"high\" decoding=\"async\" width=\"1024\" height=\"537\" src=\"https:\/\/notipampa.com\/wp-content\/uploads\/2025\/11\/584692545_18379994551144763_5123750254643255830_n-1024x537.jpg\" alt=\"\" class=\"wp-image-17728\" srcset=\"https:\/\/notipampa.com\/wp-content\/uploads\/2025\/11\/584692545_18379994551144763_5123750254643255830_n-1024x537.jpg 1024w, https:\/\/notipampa.com\/wp-content\/uploads\/2025\/11\/584692545_18379994551144763_5123750254643255830_n-300x157.jpg 300w, https:\/\/notipampa.com\/wp-content\/uploads\/2025\/11\/584692545_18379994551144763_5123750254643255830_n-768x402.jpg 768w, https:\/\/notipampa.com\/wp-content\/uploads\/2025\/11\/584692545_18379994551144763_5123750254643255830_n-390x205.jpg 390w, https:\/\/notipampa.com\/wp-content\/uploads\/2025\/11\/584692545_18379994551144763_5123750254643255830_n.jpg 1080w\" sizes=\"(max-width: 1024px) 100vw, 1024px\" \/><\/figure>\n","protected":false},"excerpt":{"rendered":"<p>La comunidad educativa de la Escuela N\u00ba 236 conmemor\u00f3 el D\u00eda de la Soberan\u00eda Nacional con un acto lleno de<\/p>\n","protected":false},"author":1,"featured_media":17727,"comment_status":"open","ping_status":"open","sticky":false,"template":"","format":"standard","meta":{"colormag_page_container_layout":"default_layout","colormag_page_sidebar_layout":"default_layout","footnotes":""},"categories":[54,6,8],"tags":[],"class_list":["post-17726","post","type-post","status-publish","format-standard","has-post-thumbnail","hentry","category-educacion","category-locales","category-ultimas-noticias"],"_links":{"self":[{"href":"https:\/\/notipampa.com\/index.php?rest_route=\/wp\/v2\/posts\/17726","targetHints":{"allow":["GET"]}}],"collection":[{"href":"https:\/\/notipampa.com\/index.php?rest_route=\/wp\/v2\/posts"}],"about":[{"href":"https:\/\/notipampa.com\/index.php?rest_route=\/wp\/v2\/types\/post"}],"author":[{"embeddable":true,"href":"https:\/\/notipampa.com\/index.php?rest_route=\/wp\/v2\/users\/1"}],"replies":[{"embeddable":true,"href":"https:\/\/notipampa.com\/index.php?rest_route=%2Fwp%2Fv2%2Fcomments&post=17726"}],"version-history":[{"count":1,"href":"https:\/\/notipampa.com\/index.php?rest_route=\/wp\/v2\/posts\/17726\/revisions"}],"predecessor-version":[{"id":17729,"href":"https:\/\/notipampa.com\/index.php?rest_route=\/wp\/v2\/posts\/17726\/revisions\/17729"}],"wp:featuredmedia":[{"embeddable":true,"href":"https:\/\/notipampa.com\/index.php?rest_route=\/wp\/v2\/media\/17727"}],"wp:attachment":[{"href":"https:\/\/notipampa.com\/index.php?rest_route=%2Fwp%2Fv2%2Fmedia&parent=17726"}],"wp:term":[{"taxonomy":"category","embeddable":true,"href":"https:\/\/notipampa.com\/index.php?rest_route=%2Fwp%2Fv2%2Fcategories&post=17726"},{"taxonomy":"post_tag","embeddable":true,"href":"https:\/\/notipampa.com\/index.php?rest_route=%2Fwp%2Fv2%2Ftags&post=17726"}],"curies":[{"name":"wp","href":"https:\/\/api.w.org\/{rel}","templated":true}]}}