{"id":17722,"date":"2025-11-26T08:32:00","date_gmt":"2025-11-26T11:32:00","guid":{"rendered":"https:\/\/notipampa.com\/?p=17722"},"modified":"2025-11-26T08:32:01","modified_gmt":"2025-11-26T11:32:01","slug":"alvear-las-promos-2025-participaron-del-paseo-echar-raices","status":"publish","type":"post","link":"https:\/\/notipampa.com\/?p=17722","title":{"rendered":"Alvear: Las Promos 2025 participaron del Paseo \u201cEchar Ra\u00edces\u201d"},"content":{"rendered":"\n<p>La Municipalidad de Intendente Alvear realiz\u00f3 una nueva edici\u00f3n del Paseo <strong>\u201cEchar Ra\u00edces\u201d<\/strong>, una actividad destinada a las promociones de nivel secundario de la localidad, con el objetivo de fortalecer la identidad, la participaci\u00f3n y el compromiso con el cuidado del ambiente.<\/p>\n\n\n\n<p>Durante la jornada, <strong>cada curso plant\u00f3 un lapacho<\/strong>, elegido como s\u00edmbolo de crecimiento, fortaleza y futuro. El gesto busca representar las huellas que cada promoci\u00f3n deja en su paso por la escuela y su v\u00ednculo con la comunidad que los vio crecer.<\/p>\n\n\n\n<p>La intendenta <strong>Mar\u00eda Agustina Garc\u00eda<\/strong> acompa\u00f1\u00f3 el encuentro y brind\u00f3 unas palabras reconociendo el valor de esta propuesta que integra educaci\u00f3n, naturaleza y sentido de pertenencia.<\/p>\n\n\n\n<h3 class=\"wp-block-heading\"><strong>Instituciones participantes<\/strong><\/h3>\n\n\n\n<ul class=\"wp-block-list\">\n<li>EPET N\u00ba 7<\/li>\n\n\n\n<li>Escuela para Adultos<\/li>\n\n\n\n<li>Colegio Alicia Moreau de Justo<\/li>\n\n\n\n<li>Instituto Heguy<\/li>\n\n\n\n<li>Instituto Nuestra Se\u00f1ora de Luj\u00e1n<\/li>\n<\/ul>\n\n\n\n<p>Desde el municipio agradecieron a docentes, directivos, familias y acompa\u00f1antes por sumarse a esta actividad que busca consolidarse como una tradici\u00f3n local.<\/p>\n\n\n\n<p>\u201cQue cada lapacho florezca como los proyectos de nuestros j\u00f3venes\u201d, expresaron desde la organizaci\u00f3n, destacando que este paseo pretende convertirse en un momento significativo de cierre y nuevos comienzos para los estudiantes.<\/p>\n\n\n\n<p>La Municipalidad invit\u00f3 a toda la comunidad a seguir <strong>\u201cechando ra\u00edces\u201d<\/strong> en Intendente Alvear y acompa\u00f1ar el crecimiento de las instituciones educativas.<\/p>\n\n\n\n<figure class=\"wp-block-image size-large\"><img fetchpriority=\"high\" decoding=\"async\" width=\"1024\" height=\"537\" src=\"https:\/\/notipampa.com\/wp-content\/uploads\/2025\/11\/589131212_18380540632144763_75720241485604680_n-1024x537.jpg\" alt=\"\" class=\"wp-image-17724\" srcset=\"https:\/\/notipampa.com\/wp-content\/uploads\/2025\/11\/589131212_18380540632144763_75720241485604680_n-1024x537.jpg 1024w, https:\/\/notipampa.com\/wp-content\/uploads\/2025\/11\/589131212_18380540632144763_75720241485604680_n-300x157.jpg 300w, https:\/\/notipampa.com\/wp-content\/uploads\/2025\/11\/589131212_18380540632144763_75720241485604680_n-768x402.jpg 768w, https:\/\/notipampa.com\/wp-content\/uploads\/2025\/11\/589131212_18380540632144763_75720241485604680_n-390x205.jpg 390w, https:\/\/notipampa.com\/wp-content\/uploads\/2025\/11\/589131212_18380540632144763_75720241485604680_n.jpg 1080w\" sizes=\"(max-width: 1024px) 100vw, 1024px\" \/><\/figure>\n","protected":false},"excerpt":{"rendered":"<p>La Municipalidad de Intendente Alvear realiz\u00f3 una nueva edici\u00f3n del Paseo \u201cEchar Ra\u00edces\u201d, una actividad destinada a las promociones de<\/p>\n","protected":false},"author":1,"featured_media":17723,"comment_status":"open","ping_status":"open","sticky":false,"template":"","format":"standard","meta":{"colormag_page_container_layout":"default_layout","colormag_page_sidebar_layout":"default_layout","footnotes":""},"categories":[6,8],"tags":[],"class_list":["post-17722","post","type-post","status-publish","format-standard","has-post-thumbnail","hentry","category-locales","category-ultimas-noticias"],"_links":{"self":[{"href":"https:\/\/notipampa.com\/index.php?rest_route=\/wp\/v2\/posts\/17722","targetHints":{"allow":["GET"]}}],"collection":[{"href":"https:\/\/notipampa.com\/index.php?rest_route=\/wp\/v2\/posts"}],"about":[{"href":"https:\/\/notipampa.com\/index.php?rest_route=\/wp\/v2\/types\/post"}],"author":[{"embeddable":true,"href":"https:\/\/notipampa.com\/index.php?rest_route=\/wp\/v2\/users\/1"}],"replies":[{"embeddable":true,"href":"https:\/\/notipampa.com\/index.php?rest_route=%2Fwp%2Fv2%2Fcomments&post=17722"}],"version-history":[{"count":1,"href":"https:\/\/notipampa.com\/index.php?rest_route=\/wp\/v2\/posts\/17722\/revisions"}],"predecessor-version":[{"id":17725,"href":"https:\/\/notipampa.com\/index.php?rest_route=\/wp\/v2\/posts\/17722\/revisions\/17725"}],"wp:featuredmedia":[{"embeddable":true,"href":"https:\/\/notipampa.com\/index.php?rest_route=\/wp\/v2\/media\/17723"}],"wp:attachment":[{"href":"https:\/\/notipampa.com\/index.php?rest_route=%2Fwp%2Fv2%2Fmedia&parent=17722"}],"wp:term":[{"taxonomy":"category","embeddable":true,"href":"https:\/\/notipampa.com\/index.php?rest_route=%2Fwp%2Fv2%2Fcategories&post=17722"},{"taxonomy":"post_tag","embeddable":true,"href":"https:\/\/notipampa.com\/index.php?rest_route=%2Fwp%2Fv2%2Ftags&post=17722"}],"curies":[{"name":"wp","href":"https:\/\/api.w.org\/{rel}","templated":true}]}}