{"id":17674,"date":"2025-11-20T19:13:33","date_gmt":"2025-11-20T22:13:33","guid":{"rendered":"https:\/\/notipampa.com\/?p=17674"},"modified":"2025-11-20T19:13:34","modified_gmt":"2025-11-20T22:13:34","slug":"cierre-de-ano-y-entrega-de-certificados-en-el-centro-de-estudios-municipal","status":"publish","type":"post","link":"https:\/\/notipampa.com\/?p=17674","title":{"rendered":"Cierre de a\u00f1o y entrega de certificados en el Centro de Estudios Municipal"},"content":{"rendered":"\n<p><strong>El Centro de Estudios de la Municipalidad de Intendente Alvear llev\u00f3 a cabo el acto de entrega de certificados a los alumnos y alumnas que finalizaron los cursos dictados durante el a\u00f1o 2025.<\/strong><\/p>\n\n\n\n<p>El encuentro cont\u00f3 con la presencia de autoridades municipales, concejales, docentes, estudiantes y sus familias, en una jornada que celebr\u00f3 el esfuerzo, la dedicaci\u00f3n y el compromiso de quienes participaron en las distintas propuestas formativas desarrolladas desde el municipio.<\/p>\n\n\n\n<p>Los cursos, dictados de manera presencial y gratuita, forman parte de las pol\u00edticas p\u00fablicas impulsadas por la gesti\u00f3n local para acercar oportunidades reales de aprendizaje y crecimiento personal y laboral a toda la comunidad alvearense.<\/p>\n\n\n\n<p>Durante el acto la intendenta municipal Agustina Garc\u00eda dirigi\u00f3 unas palabras destacando la importancia del Centro de Estudios para la comunidad, su amplia oferta de carreras, la incorporaci\u00f3n de nuevos convenios con m\u00e1s institutos superiores que acerquen oferta educativa a los vecinos; adem\u00e1s de destacar y agradecer el trabajo de Secretar\u00eda de Desarrollo Social y de Cecilia Lucero, referente del centro de estudios, quienes llevan adelante las propuestas de formaci\u00f3n. Por su parte Lucero destac\u00f3 la confianza puesta en ella, adem\u00e1s de comentar que este a\u00f1o fue todo un desaf\u00edo dictar tres cursos en simult\u00e1neo, y se concret\u00f3 con grandes logros para todos destacando el esfuerzo de todo el alumnado, incluso de localidades vecinas que viajaban para cursar; ambas destacaron el valor de estos espacios de formaci\u00f3n y el acompa\u00f1amiento brindado a cada grupo de estudiantes.<\/p>\n\n\n\n<p>Entre las capacitaciones desarrolladas, se destac\u00f3 el Curso de Inform\u00e1tica B\u00e1sica I, dictado desde abril hasta finales de octubre, con un encuentro semanal. Los estudiantes aprendieron el manejo de herramientas esenciales como Microsoft Word, Excel y PowerPoint, adem\u00e1s de nociones de dise\u00f1o gr\u00e1fico, inteligencia artificial y plataformas de videoconferencia, conocimientos que ampl\u00edan las posibilidades personales, laborales y sociales.<\/p>\n\n\n\n<p>Tambi\u00e9n se dict\u00f3 el Curso de Manejo de Dispositivos M\u00f3viles, orientado principalmente a adultos mayores, con el objetivo de brindar herramientas para el uso correcto y seguro de los tel\u00e9fonos celulares. A lo largo de los encuentros, los participantes aprendieron sobre aplicaciones, comunicaci\u00f3n digital, gesti\u00f3n de archivos, fotograf\u00edas y cuidados en l\u00ednea. Una experiencia que fortaleci\u00f3 la autonom\u00eda y la confianza en el uso de la tecnolog\u00eda.<\/p>\n\n\n\n<p>Finalmente, se desarroll\u00f3 el Curso de Excel Avanzado, entre agosto y noviembre, orientado a quienes ya contaban con conocimientos previos y buscaban profundizar en herramientas de an\u00e1lisis de datos, como funciones financieras y l\u00f3gicas, subtotales y tablas din\u00e1micas. Una propuesta pensada para fortalecer las competencias laborales y profesionales.<\/p>\n\n\n\n<p>En total, casi 50 vecinos y vecinas de Intendente Alvear se capacitaron este a\u00f1o en el aula del Centro de Estudios Municipal, un espacio que contin\u00faa creciendo y acompa\u00f1ando a quienes buscan formarse, actualizarse y abrir nuevas oportunidades de desarrollo.<\/p>\n\n\n\n<figure class=\"wp-block-image size-large\"><img fetchpriority=\"high\" decoding=\"async\" width=\"1024\" height=\"525\" src=\"https:\/\/notipampa.com\/wp-content\/uploads\/2025\/11\/20251112_195107-1024x525.jpg\" alt=\"\" class=\"wp-image-17675\" srcset=\"https:\/\/notipampa.com\/wp-content\/uploads\/2025\/11\/20251112_195107-1024x525.jpg 1024w, https:\/\/notipampa.com\/wp-content\/uploads\/2025\/11\/20251112_195107-300x154.jpg 300w, https:\/\/notipampa.com\/wp-content\/uploads\/2025\/11\/20251112_195107-768x394.jpg 768w, https:\/\/notipampa.com\/wp-content\/uploads\/2025\/11\/20251112_195107-1536x788.jpg 1536w, https:\/\/notipampa.com\/wp-content\/uploads\/2025\/11\/20251112_195107-2048x1050.jpg 2048w\" sizes=\"(max-width: 1024px) 100vw, 1024px\" \/><\/figure>\n","protected":false},"excerpt":{"rendered":"<p>El Centro de Estudios de la Municipalidad de Intendente Alvear llev\u00f3 a cabo el acto de entrega de certificados a<\/p>\n","protected":false},"author":1,"featured_media":17676,"comment_status":"open","ping_status":"open","sticky":false,"template":"","format":"standard","meta":{"colormag_page_container_layout":"default_layout","colormag_page_sidebar_layout":"default_layout","footnotes":""},"categories":[54,6,8],"tags":[],"class_list":["post-17674","post","type-post","status-publish","format-standard","has-post-thumbnail","hentry","category-educacion","category-locales","category-ultimas-noticias"],"_links":{"self":[{"href":"https:\/\/notipampa.com\/index.php?rest_route=\/wp\/v2\/posts\/17674","targetHints":{"allow":["GET"]}}],"collection":[{"href":"https:\/\/notipampa.com\/index.php?rest_route=\/wp\/v2\/posts"}],"about":[{"href":"https:\/\/notipampa.com\/index.php?rest_route=\/wp\/v2\/types\/post"}],"author":[{"embeddable":true,"href":"https:\/\/notipampa.com\/index.php?rest_route=\/wp\/v2\/users\/1"}],"replies":[{"embeddable":true,"href":"https:\/\/notipampa.com\/index.php?rest_route=%2Fwp%2Fv2%2Fcomments&post=17674"}],"version-history":[{"count":1,"href":"https:\/\/notipampa.com\/index.php?rest_route=\/wp\/v2\/posts\/17674\/revisions"}],"predecessor-version":[{"id":17677,"href":"https:\/\/notipampa.com\/index.php?rest_route=\/wp\/v2\/posts\/17674\/revisions\/17677"}],"wp:featuredmedia":[{"embeddable":true,"href":"https:\/\/notipampa.com\/index.php?rest_route=\/wp\/v2\/media\/17676"}],"wp:attachment":[{"href":"https:\/\/notipampa.com\/index.php?rest_route=%2Fwp%2Fv2%2Fmedia&parent=17674"}],"wp:term":[{"taxonomy":"category","embeddable":true,"href":"https:\/\/notipampa.com\/index.php?rest_route=%2Fwp%2Fv2%2Fcategories&post=17674"},{"taxonomy":"post_tag","embeddable":true,"href":"https:\/\/notipampa.com\/index.php?rest_route=%2Fwp%2Fv2%2Ftags&post=17674"}],"curies":[{"name":"wp","href":"https:\/\/api.w.org\/{rel}","templated":true}]}}