{"id":17668,"date":"2025-11-20T19:08:38","date_gmt":"2025-11-20T22:08:38","guid":{"rendered":"https:\/\/notipampa.com\/?p=17668"},"modified":"2025-11-20T19:08:42","modified_gmt":"2025-11-20T22:08:42","slug":"vuelco-en-la-ruta-provincial-9-un-auto-que-viajaba-hacia-general-pico-termino-tumbado-por-una-falla-mecanica","status":"publish","type":"post","link":"https:\/\/notipampa.com\/?p=17668","title":{"rendered":"Vuelco en la Ruta Provincial 9: un auto que viajaba hacia General Pico termin\u00f3 tumbado por una falla mec\u00e1nica"},"content":{"rendered":"\n<p>El siniestro vial ocurri\u00f3 en la noche de ayer, entre los kil\u00f3metros 299 y 300, en cercan\u00edas de la localidad de Quehu\u00e9. Los ocupantes del veh\u00edculo fueron asistidos por personal de Salud y Bomberos; dos de ellos debieron ser trasladados.<\/p>\n\n\n\n<p>Un fuerte accidente de tr\u00e1nsito moviliz\u00f3 a los servicios de emergencia en la noche de ayer sobre la&nbsp;<strong>Ruta Provincial N\u00b0 9<\/strong>. Seg\u00fan informaron fuentes oficiales de la&nbsp;<strong>Unidad Regional III<\/strong>, el hecho se registr\u00f3 aproximadamente a las 21:27 horas, cuando un autom\u00f3vil que se dirig\u00eda hacia nuestra ciudad perdi\u00f3 el control y volc\u00f3 sobre la banquina.<\/p>\n\n\n\n<p>El veh\u00edculo involucrado es un&nbsp;<strong>Ford Mondeo<\/strong>, el cual transitaba en sentido Sur-Norte, proveniente de la localidad de General Acha con destino final en&nbsp;<strong>General Pico<\/strong>. Seg\u00fan el relato del conductor al personal policial, el siniestro se desencaden\u00f3 al ingresar en una curva, momento en el cual se le&nbsp;<strong>\u201cdestalon\u00f3\u201d la cubierta delantera derecha<\/strong>&nbsp;(lado del acompa\u00f1ante).<\/p>\n\n\n\n<p>Esta falla mec\u00e1nica provoc\u00f3 la inestabilidad inmediata del rodado, que se cruz\u00f3 hacia el carril opuesto y termin\u00f3 dando un tumbo, quedando finalmente varado con su frente orientado hacia el punto cardinal Norte. Afortunadamente, no hubo intervenci\u00f3n de terceros ni otros veh\u00edculos involucrados en la maniobra.<\/p>\n\n\n\n<figure class=\"wp-block-image\"><img decoding=\"async\" src=\"https:\/\/www.infopico.com\/wp-content\/uploads\/2025\/11\/Imagen-de-WhatsApp-2025-11-20-a-las-08.55.52_1a868ca2.jpg\" alt=\"\" class=\"wp-image-350525\"\/><\/figure>\n\n\n\n<p><strong>Operativo de emergencia y traslado de heridos<\/strong><\/p>\n\n\n\n<p>En el lugar se hizo presente personal de Bomberos para realizar las tareas de rigor y asegurar el veh\u00edculo, as\u00ed como tambi\u00e9n personal de Salud. Como consecuencia del impacto,&nbsp;<strong>uno de los ocupantes sufri\u00f3 un corte en la cabeza<\/strong>, por lo que fue trasladado de inmediato a un centro asistencial. Fue acompa\u00f1ado por otro de los pasajeros del veh\u00edculo, quien manifestaba fuertes dolores de cabeza producto de los golpes recibidos durante el vuelco.<\/p>\n\n\n\n<p>Las autoridades policiales realizaron la prueba de alometr\u00eda al conductor en el lugar del hecho, la cual arroj\u00f3&nbsp;<strong>resultado negativo<\/strong>, descartando la presencia de alcohol en sangre.<\/p>\n\n\n\n<p>Finalmente, el rodado fue retirado del lugar mediante una gr\u00faa y trasladado a la dependencia policial de la localidad de&nbsp;<strong>Quehu\u00e9<\/strong>&nbsp;para los tr\u00e1mites correspondientes.<\/p>\n\n\n\n<p>Fuente: Infopico<\/p>\n","protected":false},"excerpt":{"rendered":"<p>El siniestro vial ocurri\u00f3 en la noche de ayer, entre los kil\u00f3metros 299 y 300, en cercan\u00edas de la localidad<\/p>\n","protected":false},"author":1,"featured_media":17669,"comment_status":"open","ping_status":"open","sticky":false,"template":"","format":"standard","meta":{"colormag_page_container_layout":"default_layout","colormag_page_sidebar_layout":"default_layout","footnotes":""},"categories":[8],"tags":[],"class_list":["post-17668","post","type-post","status-publish","format-standard","has-post-thumbnail","hentry","category-ultimas-noticias"],"_links":{"self":[{"href":"https:\/\/notipampa.com\/index.php?rest_route=\/wp\/v2\/posts\/17668","targetHints":{"allow":["GET"]}}],"collection":[{"href":"https:\/\/notipampa.com\/index.php?rest_route=\/wp\/v2\/posts"}],"about":[{"href":"https:\/\/notipampa.com\/index.php?rest_route=\/wp\/v2\/types\/post"}],"author":[{"embeddable":true,"href":"https:\/\/notipampa.com\/index.php?rest_route=\/wp\/v2\/users\/1"}],"replies":[{"embeddable":true,"href":"https:\/\/notipampa.com\/index.php?rest_route=%2Fwp%2Fv2%2Fcomments&post=17668"}],"version-history":[{"count":1,"href":"https:\/\/notipampa.com\/index.php?rest_route=\/wp\/v2\/posts\/17668\/revisions"}],"predecessor-version":[{"id":17670,"href":"https:\/\/notipampa.com\/index.php?rest_route=\/wp\/v2\/posts\/17668\/revisions\/17670"}],"wp:featuredmedia":[{"embeddable":true,"href":"https:\/\/notipampa.com\/index.php?rest_route=\/wp\/v2\/media\/17669"}],"wp:attachment":[{"href":"https:\/\/notipampa.com\/index.php?rest_route=%2Fwp%2Fv2%2Fmedia&parent=17668"}],"wp:term":[{"taxonomy":"category","embeddable":true,"href":"https:\/\/notipampa.com\/index.php?rest_route=%2Fwp%2Fv2%2Fcategories&post=17668"},{"taxonomy":"post_tag","embeddable":true,"href":"https:\/\/notipampa.com\/index.php?rest_route=%2Fwp%2Fv2%2Ftags&post=17668"}],"curies":[{"name":"wp","href":"https:\/\/api.w.org\/{rel}","templated":true}]}}