{"id":17616,"date":"2025-11-10T08:05:48","date_gmt":"2025-11-10T11:05:48","guid":{"rendered":"https:\/\/notipampa.com\/?p=17616"},"modified":"2025-11-10T08:05:49","modified_gmt":"2025-11-10T11:05:49","slug":"por-que-la-avena-es-clave-para-el-desarrollo-muscular","status":"publish","type":"post","link":"https:\/\/notipampa.com\/?p=17616","title":{"rendered":"\u00bfPor qu\u00e9 la avena es clave para el desarrollo muscular?"},"content":{"rendered":"\n<p><strong>Incorporar este cereal en la alimentaci\u00f3n diaria contribuye a mejorar la composici\u00f3n corporal, regular el metabolismo y apoyar la salud cardiovascular, seg\u00fan especialistas<\/strong><\/p>\n\n\n\n<p>El inter\u00e9s por mejorar la composici\u00f3n corporal ha puesto el foco sobre alimentos funcionales. Entre ellos, la&nbsp;<a href=\"https:\/\/www.infobae.com\/tag\/avena\/\" target=\"_blank\" rel=\"noreferrer noopener\"><strong>avena<\/strong><\/a>se destaca por&nbsp;<strong>su aporte nutricional fundamental para el&nbsp;<\/strong><a href=\"https:\/\/www.infobae.com\/tag\/desarrollo-muscular\/\" target=\"_blank\" rel=\"noreferrer noopener\"><strong>desarrollo muscular<\/strong><\/a>, seg\u00fan reportes de&nbsp;<em>The New York Times<\/em>. Entrenadores y especialistas en nutrici\u00f3n deportiva mencionan la relevancia de este cereal en planes alimentarios para quienes buscan aumentar masa magra y optimizar la recuperaci\u00f3n f\u00edsica.<\/p>\n\n\n\n<h2 class=\"wp-block-heading\">C\u00f3mo ayuda la avena a generar masa muscular<\/h2>\n\n\n\n<p>La\u00a0<strong>avena<\/strong>\u00a0contiene una combinaci\u00f3n de nutrientes que favorece la formaci\u00f3n de m\u00fasculo tras el esfuerzo f\u00edsico.\u00a0<em>Harvard Health Publishing<\/em>\u00a0inform\u00f3 que su alto contenido en\u00a0<a href=\"https:\/\/www.infobae.com\/tag\/proteinas\/\" target=\"_blank\" rel=\"noreferrer noopener\"><strong>prote\u00ednas<\/strong><\/a>, junto con la presencia de\u00a0<strong>carbohidratos complejos<\/strong>\u00a0y\u00a0<strong>fibra<\/strong>, entrega energ\u00eda sostenida que beneficia la s\u00edntesis proteica.<\/p>\n\n\n\n<p>Para el nutricionista espa\u00f1ol&nbsp;<strong>Aitor S\u00e1nchez<\/strong>&nbsp;\u201clos&nbsp;<strong>beta-glucanos<\/strong>, presentes en la avena, contribuyen a estabilizar el az\u00facar en sangre, permitiendo un mejor aprovechamiento de los nutrientes tras el entrenamiento&#8221;. Adem\u00e1s, la avena aporta&nbsp;<strong>amino\u00e1cidos esenciales<\/strong>&nbsp;como la leucina, clave en la reparaci\u00f3n y construcci\u00f3n muscular, y minerales como el&nbsp;<strong>magnesio<\/strong>&nbsp;y el&nbsp;<strong>f\u00f3sforo<\/strong>, que participan en los procesos energ\u00e9ticos del m\u00fasculo.<\/p>\n\n\n\n<h2 class=\"wp-block-heading\">Cu\u00e1ndo comer avena, \u00bfantes o despu\u00e9s de entrenar?<\/h2>\n\n\n\n<p>Investigaciones difundidas en\u00a0<em>Men\u2019s Health<\/em>\u00a0se\u00f1alan que el momento de consumir\u00a0<strong>avena<\/strong>\u00a0influye en el aprovechamiento de sus nutrientes. Antes del entrenamiento, su aporte de\u00a0<strong>carbohidratos complejos<\/strong>\u00a0mantiene la energ\u00eda durante el esfuerzo f\u00edsico, mientras que despu\u00e9s de la actividad, su contenido de\u00a0<strong>prote\u00ednas<\/strong>\u00a0apoya la recuperaci\u00f3n y el crecimiento muscular.<\/p>\n\n\n\n<p>Seg\u00fan&nbsp;<em>BBC Mundo<\/em>, especialistas coinciden en que ingerir avena como parte del desayuno o como colaci\u00f3n previa al ejercicio puede mejorar el rendimiento atl\u00e9tico. \u201cUna raci\u00f3n cercana al entrenamiento incrementa la disponibilidad de gluc\u00f3geno muscular\u201d, explic\u00f3 el preparador f\u00edsico&nbsp;<strong>\u00d3scar S\u00e1nchez<\/strong>&nbsp;al medio brit\u00e1nico.<\/p>\n\n\n\n<h2 class=\"wp-block-heading\">Cu\u00e1nta avena puedo comer por d\u00eda<\/h2>\n\n\n\n<p>El consenso entre profesionales de la nutrici\u00f3n, referenciado por\u00a0<em>WebMD<\/em>, establece que consumir entre\u00a0<strong>40 y 60 gramos de avena diaria<\/strong>\u00a0cubre los requerimientos para adultos activos. Esa cantidad corresponde a aproximadamente media taza de avena seca y aporta suficientes fibras, prote\u00ednas y micronutrientes sin exceder en calor\u00edas.<\/p>\n\n\n\n<p>La&nbsp;<strong>Organizaci\u00f3n Mundial de la Salud (OMS)<\/strong>&nbsp;incluy\u00f3 la avena en su listado de cereales recomendables para la dieta regular, recordando que los excesos pueden resultar contraproducentes y afectan la digesti\u00f3n, seg\u00fan datos recogidos por&nbsp;<em>Reuters<\/em>. El control de porciones se adapta a la intensidad de la rutina f\u00edsica y las necesidades individuales.<\/p>\n\n\n\n<h2 class=\"wp-block-heading\">Qu\u00e9 le pasa al cuerpo si como avena todos los d\u00edas<\/h2>\n\n\n\n<p>El consumo diario de\u00a0<strong>avena<\/strong>\u00a0se asocia con beneficios m\u00faltiples, no solo en el desarrollo muscular.\u00a0<em>The Guardian<\/em>\u00a0difundi\u00f3 que este h\u00e1bito ayuda a regular el tr\u00e1nsito intestinal por la\u00a0<strong>fibra soluble<\/strong>, reduce el perfil lip\u00eddico y contribuye al control del apetito.<strong><br><\/strong><br>El medio brit\u00e1nico tambi\u00e9n remarc\u00f3 que el consumo constante tiende a mejorar la composici\u00f3n corporal y la recuperaci\u00f3n muscular en deportistas.<\/p>\n\n\n\n<h2 class=\"wp-block-heading\">El valor nutricional de la avena<\/h2>\n\n\n\n<p>Seg\u00fan la base US Department of Agriculture,\u00a0<strong>100 gramos de avena<\/strong>\u00a0contienen alrededor de\u00a0<strong>13 gramos de prote\u00edna<\/strong>,\u00a0<strong>8 gramos de fibra<\/strong>\u00a0y cerca de\u00a0<strong>370 kilocalor\u00edas<\/strong>. Adem\u00e1s, ofrece vitaminas del complejo B y minerales como hierro, zinc y manganeso, fundamentales para las funciones metab\u00f3licas relacionadas con el esfuerzo f\u00edsico.<\/p>\n\n\n\n<p>El portal especializado&nbsp;<em>Healthline<\/em>&nbsp;subray\u00f3 que \u201cla&nbsp;<strong>avena<\/strong>&nbsp;proporciona nutrientes claves para atletas y poblaci\u00f3n general que busca mejorar su musculatura y bienestar\u201d. Su perfil nutricional equilibrado la posiciona como un alimento estrat\u00e9gico en desayunos, snacks o meriendas dentro de una dieta variada.<\/p>\n\n\n\n<p>La evidencia cient\u00edfica recogida por diversos medios internacionales respalda el papel de la&nbsp;<strong>avena<\/strong>&nbsp;en rutinas de entrenamiento orientadas al desarrollo muscular, aportando energ\u00eda sostenida, prote\u00ednas de calidad y micronutrientes esenciales.<\/p>\n\n\n\n<p>Adem\u00e1s, su inclusi\u00f3n diaria muestra efectos positivos en la salud metab\u00f3lica y la composici\u00f3n corporal, factores valorados por profesionales de la salud y el deporte.<\/p>\n","protected":false},"excerpt":{"rendered":"<p>Incorporar este cereal en la alimentaci\u00f3n diaria contribuye a mejorar la composici\u00f3n corporal, regular el metabolismo y apoyar la salud<\/p>\n","protected":false},"author":1,"featured_media":17617,"comment_status":"open","ping_status":"open","sticky":false,"template":"","format":"standard","meta":{"colormag_page_container_layout":"default_layout","colormag_page_sidebar_layout":"default_layout","footnotes":""},"categories":[53,55,8],"tags":[],"class_list":["post-17616","post","type-post","status-publish","format-standard","has-post-thumbnail","hentry","category-salud","category-tendencias","category-ultimas-noticias"],"_links":{"self":[{"href":"https:\/\/notipampa.com\/index.php?rest_route=\/wp\/v2\/posts\/17616","targetHints":{"allow":["GET"]}}],"collection":[{"href":"https:\/\/notipampa.com\/index.php?rest_route=\/wp\/v2\/posts"}],"about":[{"href":"https:\/\/notipampa.com\/index.php?rest_route=\/wp\/v2\/types\/post"}],"author":[{"embeddable":true,"href":"https:\/\/notipampa.com\/index.php?rest_route=\/wp\/v2\/users\/1"}],"replies":[{"embeddable":true,"href":"https:\/\/notipampa.com\/index.php?rest_route=%2Fwp%2Fv2%2Fcomments&post=17616"}],"version-history":[{"count":1,"href":"https:\/\/notipampa.com\/index.php?rest_route=\/wp\/v2\/posts\/17616\/revisions"}],"predecessor-version":[{"id":17618,"href":"https:\/\/notipampa.com\/index.php?rest_route=\/wp\/v2\/posts\/17616\/revisions\/17618"}],"wp:featuredmedia":[{"embeddable":true,"href":"https:\/\/notipampa.com\/index.php?rest_route=\/wp\/v2\/media\/17617"}],"wp:attachment":[{"href":"https:\/\/notipampa.com\/index.php?rest_route=%2Fwp%2Fv2%2Fmedia&parent=17616"}],"wp:term":[{"taxonomy":"category","embeddable":true,"href":"https:\/\/notipampa.com\/index.php?rest_route=%2Fwp%2Fv2%2Fcategories&post=17616"},{"taxonomy":"post_tag","embeddable":true,"href":"https:\/\/notipampa.com\/index.php?rest_route=%2Fwp%2Fv2%2Ftags&post=17616"}],"curies":[{"name":"wp","href":"https:\/\/api.w.org\/{rel}","templated":true}]}}