{"id":17555,"date":"2025-11-03T12:37:55","date_gmt":"2025-11-03T15:37:55","guid":{"rendered":"https:\/\/notipampa.com\/?p=17555"},"modified":"2025-11-03T12:37:56","modified_gmt":"2025-11-03T15:37:56","slug":"alvear-un-hombre-fue-detenido-por-conducir-alcoholizado-y-resistirse-a-la-autoridad","status":"publish","type":"post","link":"https:\/\/notipampa.com\/?p=17555","title":{"rendered":"Alvear: Un hombre fue detenido por conducir alcoholizado y resistirse a la autoridad"},"content":{"rendered":"\n<p>Este domingo, cerca de las 11 de la ma\u00f1ana, personal policial de la <strong>Comisar\u00eda de Intendente Alvear<\/strong> intervino en un hecho que deriv\u00f3 en una <strong>causa caratulada como \u201cAtentado y resistencia contra la autoridad y lesiones\u201d<\/strong>, con intervenci\u00f3n del fiscal de Propiedad, <strong>Dr. Luciano Rebechi<\/strong>.<\/p>\n\n\n\n<p>Seg\u00fan informaron fuentes policiales, durante un patrullaje preventivo se observ\u00f3 un <strong>autom\u00f3vil Renault Clio<\/strong> cuyo conductor <strong>consum\u00eda alcohol mientras circulaba<\/strong> y <strong>realizaba maniobras peligrosas<\/strong> en la v\u00eda p\u00fablica.<\/p>\n\n\n\n<p>Al ser interceptado, el hombre <strong>se neg\u00f3 a exhibir la documentaci\u00f3n<\/strong> del veh\u00edculo y <strong>se torn\u00f3 agresivo<\/strong> cuando el personal le inform\u00f3 que el rodado ser\u00eda retenido. Debido a su resistencia y estado de alteraci\u00f3n, <strong>debi\u00f3 ser aprehendido en el lugar<\/strong>.<\/p>\n\n\n\n<p>Por separado, se <strong>labr\u00f3 un acta de infracci\u00f3n y se procedi\u00f3 a la retenci\u00f3n del veh\u00edculo<\/strong>, que adem\u00e1s presentaba la falta del paragolpes delantero.<\/p>\n\n\n\n<p>El conductor <strong>recuper\u00f3 su libertad en horas de la tarde<\/strong>, una vez cumplidos los recaudos legales.<\/p>\n","protected":false},"excerpt":{"rendered":"<p>Este domingo, cerca de las 11 de la ma\u00f1ana, personal policial de la Comisar\u00eda de Intendente Alvear intervino en un<\/p>\n","protected":false},"author":1,"featured_media":17556,"comment_status":"open","ping_status":"open","sticky":false,"template":"","format":"standard","meta":{"colormag_page_container_layout":"default_layout","colormag_page_sidebar_layout":"default_layout","footnotes":""},"categories":[6,56,8],"tags":[],"class_list":["post-17555","post","type-post","status-publish","format-standard","has-post-thumbnail","hentry","category-locales","category-policiales","category-ultimas-noticias"],"_links":{"self":[{"href":"https:\/\/notipampa.com\/index.php?rest_route=\/wp\/v2\/posts\/17555","targetHints":{"allow":["GET"]}}],"collection":[{"href":"https:\/\/notipampa.com\/index.php?rest_route=\/wp\/v2\/posts"}],"about":[{"href":"https:\/\/notipampa.com\/index.php?rest_route=\/wp\/v2\/types\/post"}],"author":[{"embeddable":true,"href":"https:\/\/notipampa.com\/index.php?rest_route=\/wp\/v2\/users\/1"}],"replies":[{"embeddable":true,"href":"https:\/\/notipampa.com\/index.php?rest_route=%2Fwp%2Fv2%2Fcomments&post=17555"}],"version-history":[{"count":1,"href":"https:\/\/notipampa.com\/index.php?rest_route=\/wp\/v2\/posts\/17555\/revisions"}],"predecessor-version":[{"id":17557,"href":"https:\/\/notipampa.com\/index.php?rest_route=\/wp\/v2\/posts\/17555\/revisions\/17557"}],"wp:featuredmedia":[{"embeddable":true,"href":"https:\/\/notipampa.com\/index.php?rest_route=\/wp\/v2\/media\/17556"}],"wp:attachment":[{"href":"https:\/\/notipampa.com\/index.php?rest_route=%2Fwp%2Fv2%2Fmedia&parent=17555"}],"wp:term":[{"taxonomy":"category","embeddable":true,"href":"https:\/\/notipampa.com\/index.php?rest_route=%2Fwp%2Fv2%2Fcategories&post=17555"},{"taxonomy":"post_tag","embeddable":true,"href":"https:\/\/notipampa.com\/index.php?rest_route=%2Fwp%2Fv2%2Ftags&post=17555"}],"curies":[{"name":"wp","href":"https:\/\/api.w.org\/{rel}","templated":true}]}}