{"id":17542,"date":"2025-11-03T08:37:34","date_gmt":"2025-11-03T11:37:34","guid":{"rendered":"https:\/\/notipampa.com\/?p=17542"},"modified":"2025-11-03T08:37:35","modified_gmt":"2025-11-03T11:37:35","slug":"alvear-informe-sobre-la-sesion-ordinaria-del-concejo-deliberante-43","status":"publish","type":"post","link":"https:\/\/notipampa.com\/?p=17542","title":{"rendered":"Alvear: Informe sobre la Sesi\u00f3n Ordinaria del Concejo Deliberante"},"content":{"rendered":"\n<p><strong>El d\u00eda mi\u00e9rcoles 29 de octubre de 2025, se reuni\u00f3 en Sesi\u00f3n Ordinaria del Concejo Deliberante de Intendente Alvear, presidido por el Presidente Fernando Luis Aznarez, y con la presencia de Mar\u00eda Cristina Mart\u00edn, Jorge Daniel Gette, Anabella Luj\u00e1n Ben\u00edtez y Roxana Vanesa Tripaldi por el bloque de Juntos por el Cambio, y Horacio Antonio Elorriaga, Ana Claudia Rodr\u00edguez y Jonatan Alexis Mujica por el bloque Fre.Ju.Pa.<\/strong><br>El Presidente Fernando Luis Aznarez inicia la sesi\u00f3n, dando lectura al Orden del d\u00eda, cuyos puntos se trataron de la siguiente manera:<br><strong>Punto 1: <\/strong>Lectura y aprobaci\u00f3n del Acta N\u00b0 24. Se dio lectura por Secretar\u00eda y se aprob\u00f3 por unanimidad, con modificaciones de forma.<br><strong>Punto 2:<\/strong> Expediente No 083\/2025\u2013DEM-N. Nota del Ejecutivo municipal. Se dio lectura de la nota por Secretar\u00eda, la cual informaba sobre nuevos contratos a realizarse en el marco de la Ley 643 y la Ordenanza N\u00b0 029\/25, luego se pas\u00f3 a archivo.<br><strong>Punto 3:<\/strong> Expediente No 084\/2025-DEM-OR. Proyecto de Ordenanza \u201cS\/Llamando a concurso de precio para la venta de inmueble identificado catastralmente como Ejido 015, Circunscripci\u00f3n V, Chacra 020, Parcela 21, Partida 777095\u201d. Se dio lectura de nota de elevaci\u00f3n y proyecto por Secretar\u00eda. Luego de un breve debate el proyecto es aprobado por unanimidad.<br><strong>Punto 4: <\/strong>Correspondencia. Ingres\u00f3 por correspondencia:<br>\uf02d Invitaci\u00f3n de la Municipalidad de Intendente Alvear, el Instituto Heguy de la Sagrada Familia y el Instituto Nuestra Se\u00f1ora de Luj\u00e1n, a la charla para familias y docentes, denominada \u201cProtagonistas de la propia felicidad: j\u00f3venes con prop\u00f3sito, familias que acompa\u00f1an\u201d, dictada por el Mg. Jos\u00e9 Mar\u00eda Randle, el d\u00eda jueves 30 de octubre, a las 20:00 horas, en el sal\u00f3n cultural \u201cLa Vieja Usina\u201d.<\/p>\n\n\n\n<p><strong>Secretar\u00eda del Concejo Deliberante de la Municipalidad de Intendente Alvear<\/strong><\/p>\n","protected":false},"excerpt":{"rendered":"<p>El d\u00eda mi\u00e9rcoles 29 de octubre de 2025, se reuni\u00f3 en Sesi\u00f3n Ordinaria del Concejo Deliberante de Intendente Alvear, presidido<\/p>\n","protected":false},"author":1,"featured_media":17543,"comment_status":"open","ping_status":"open","sticky":false,"template":"","format":"standard","meta":{"colormag_page_container_layout":"default_layout","colormag_page_sidebar_layout":"default_layout","footnotes":""},"categories":[6,7,8],"tags":[],"class_list":["post-17542","post","type-post","status-publish","format-standard","has-post-thumbnail","hentry","category-locales","category-politica","category-ultimas-noticias"],"_links":{"self":[{"href":"https:\/\/notipampa.com\/index.php?rest_route=\/wp\/v2\/posts\/17542","targetHints":{"allow":["GET"]}}],"collection":[{"href":"https:\/\/notipampa.com\/index.php?rest_route=\/wp\/v2\/posts"}],"about":[{"href":"https:\/\/notipampa.com\/index.php?rest_route=\/wp\/v2\/types\/post"}],"author":[{"embeddable":true,"href":"https:\/\/notipampa.com\/index.php?rest_route=\/wp\/v2\/users\/1"}],"replies":[{"embeddable":true,"href":"https:\/\/notipampa.com\/index.php?rest_route=%2Fwp%2Fv2%2Fcomments&post=17542"}],"version-history":[{"count":1,"href":"https:\/\/notipampa.com\/index.php?rest_route=\/wp\/v2\/posts\/17542\/revisions"}],"predecessor-version":[{"id":17544,"href":"https:\/\/notipampa.com\/index.php?rest_route=\/wp\/v2\/posts\/17542\/revisions\/17544"}],"wp:featuredmedia":[{"embeddable":true,"href":"https:\/\/notipampa.com\/index.php?rest_route=\/wp\/v2\/media\/17543"}],"wp:attachment":[{"href":"https:\/\/notipampa.com\/index.php?rest_route=%2Fwp%2Fv2%2Fmedia&parent=17542"}],"wp:term":[{"taxonomy":"category","embeddable":true,"href":"https:\/\/notipampa.com\/index.php?rest_route=%2Fwp%2Fv2%2Fcategories&post=17542"},{"taxonomy":"post_tag","embeddable":true,"href":"https:\/\/notipampa.com\/index.php?rest_route=%2Fwp%2Fv2%2Ftags&post=17542"}],"curies":[{"name":"wp","href":"https:\/\/api.w.org\/{rel}","templated":true}]}}