{"id":17537,"date":"2025-11-03T07:44:40","date_gmt":"2025-11-03T10:44:40","guid":{"rendered":"https:\/\/notipampa.com\/?p=17537"},"modified":"2025-11-03T07:44:41","modified_gmt":"2025-11-03T10:44:41","slug":"alvear-charla-jovenes-con-proposito-familias-que-acompanan-una-reflexion-sobre-el-rol-de-los-padres-en-la-formacion-de-los-hijos","status":"publish","type":"post","link":"https:\/\/notipampa.com\/?p=17537","title":{"rendered":"Alvear: Charla \u201cJ\u00f3venes con prop\u00f3sito, familias que acompa\u00f1an\u201d. Una reflexi\u00f3n sobre el rol de los padres en la formaci\u00f3n de los hijos"},"content":{"rendered":"\n<p><strong>Con una destacada convocatoria de padres, docentes, directivos y autoridades locales, se desarroll\u00f3 en Intendente Alvear la charla \u201cJ\u00f3venes con prop\u00f3sito, familias que acompa\u00f1an\u201d, a cargo de Jos\u00e9 Mar\u00eda Randle, especialista en Ciencias de la Educaci\u00f3n y reconocido conferencista internacional.<br><\/strong>La actividad fue organizada por el Instituto Nuestra Se\u00f1ora de Luj\u00e1n y el Colegio Heguy de la Sagrada Familia, con el acompa\u00f1amiento de la Municipalidad de Intendente Alvear, en el marco de una propuesta que invit\u00f3 a la reflexi\u00f3n sobre la familia y el rol actual de los adultos en la educaci\u00f3n de ni\u00f1os y j\u00f3venes.<\/p>\n\n\n\n<p>Durante su exposici\u00f3n, Randle abord\u00f3 con claridad y profundidad los desaf\u00edos que enfrentan hoy las familias y los educadores, destacando que las m\u00faltiples demandas, presiones y la sobreabundancia de est\u00edmulos muchas veces generan confusi\u00f3n acerca de c\u00f3mo orientar y acompa\u00f1ar a los hijos en su crecimiento.<\/p>\n\n\n\n<p>\u201cNuestros hijos van conformando su patrimonio vital de acuerdo a lo que vayan viendo y sintiendo. Por eso es esencial establecer l\u00edmites que sean positivos, y que sean puestos por los padres, porque si no los pone nadie\u201d, afirm\u00f3 el especialista.<\/p>\n\n\n\n<p>A lo largo de su disertaci\u00f3n, Randle propuso recuperar lo esencial en la crianza y la educaci\u00f3n, distinguiendo entre lo accesorio y lo verdaderamente importante.<\/p>\n\n\n\n<p>\u201cLos padres son los principales educadores de sus hijos, tienen la autoridad para hacerlos crecer. Y esto se logra manteniendo un equilibrio entre lo r\u00edgido y lo flexible; pero lo importante es que sean pap\u00e1 y mam\u00e1 quienes decidan y sepan c\u00f3mo corregir. Nuestros hijos necesitan coherencia, y los primeros que debemos tenerla somos nosotros: somos su ejemplo consecuente\u201d, destac\u00f3.<\/p>\n\n\n\n<p>El encuentro tuvo un formato participativo, donde padres y docentes compartieron inquietudes y reflexiones, generando un intercambio enriquecedor que puso de relieve la importancia de fortalecer la comunicaci\u00f3n dentro de las familias. En ese sentido, el orador subray\u00f3 el valor de la escucha activa como herramienta fundamental en la relaci\u00f3n con los hijos.<\/p>\n\n\n\n<p>\u201cEscuchar no es solo o\u00edr lo que mi hijo dice, sino interesarme genuinamente en sus cosas, implicarme en su mundo, para que luego \u00e9l tambi\u00e9n se interese en lo que yo tengo para transmitirle. Lo mejor es crear momentos, mostrar disposici\u00f3n para acompa\u00f1ar, aconsejar no siempre con palabras, sino con presencia, con juegos, con rituales y costumbres que fortalezcan el v\u00ednculo\u201d, explic\u00f3.<\/p>\n\n\n\n<p>A lo largo de su exposici\u00f3n, Jos\u00e9 Mar\u00eda Randle insisti\u00f3 en la necesidad de que las familias eduquen con un prop\u00f3sito claro y planificado, con una intenci\u00f3n concreta que sostenga un proyecto educativo familiar.<\/p>\n\n\n\n<p>\u201cEducar con un proyecto es dar direcci\u00f3n, es saber hacia d\u00f3nde queremos acompa\u00f1ar a nuestros hijos, qu\u00e9 virtudes queremos cultivar, qu\u00e9 valores queremos que sostengan su vida\u201d, se\u00f1al\u00f3.<\/p>\n\n\n\n<p>La charla se desarroll\u00f3 en un clima de profunda atenci\u00f3n y apertura, generando un espacio de encuentro entre la comunidad educativa y las familias, donde se reafirm\u00f3 la idea de que la presencia, la coherencia y el amor son pilares insustituibles en la formaci\u00f3n de los hijos.<\/p>\n\n\n\n<p><strong>Sobre el disertante<\/strong><\/p>\n\n\n\n<p>Jos\u00e9 Mar\u00eda Randle es Doctorando en Ciencias de la Educaci\u00f3n (Universidad Nacional de Cuyo), Mag\u00edster en Calidad y Excelencia Educativa (Universidad Santiago de Compostela) y Licenciado en Ciencias para la Familia y Orientador Familiar (Universidad Austral).<br>Ha dictado m\u00e1s de 1.300 conferencias y workshops en 15 pa\u00edses de Am\u00e9rica y Europa, dirigidas a familias, matrimonios, educadores, j\u00f3venes y equipos de gesti\u00f3n.<br>Actualmente, se desempe\u00f1a como Consejero del Instituto de Ciencias para la Familia y Director de la Licenciatura en Ciencias para la Familia en la Universidad Austral, donde adem\u00e1s es profesor titular de \u00c9tica de la Familia.<\/p>\n\n\n\n<p><strong>Acompa\u00f1amiento institucional<\/strong><\/p>\n\n\n\n<p>Desde la Municipalidad de Intendente Alvear se acompa\u00f1\u00f3 la iniciativa, destacando la importancia de promover espacios de di\u00e1logo y reflexi\u00f3n sobre la familia, la educaci\u00f3n y el rol de los adultos en el desarrollo integral de ni\u00f1os y j\u00f3venes. \u201cCada encuentro de estas caracter\u00edsticas nos ayuda a repensar nuestro rol y a fortalecer los lazos que sostienen a la comunidad. La familia y la escuela son los pilares sobre los que se construye una sociedad m\u00e1s consciente y con valores\u201d, expres\u00f3 la intendenta Agustina Garc\u00eda.<\/p>\n\n\n\n<figure class=\"wp-block-image size-large\"><img fetchpriority=\"high\" decoding=\"async\" width=\"1024\" height=\"461\" src=\"https:\/\/notipampa.com\/wp-content\/uploads\/2025\/11\/20251030_201717-1024x461.jpg\" alt=\"\" class=\"wp-image-17539\" srcset=\"https:\/\/notipampa.com\/wp-content\/uploads\/2025\/11\/20251030_201717-1024x461.jpg 1024w, https:\/\/notipampa.com\/wp-content\/uploads\/2025\/11\/20251030_201717-300x135.jpg 300w, https:\/\/notipampa.com\/wp-content\/uploads\/2025\/11\/20251030_201717-768x346.jpg 768w, https:\/\/notipampa.com\/wp-content\/uploads\/2025\/11\/20251030_201717-1536x691.jpg 1536w, https:\/\/notipampa.com\/wp-content\/uploads\/2025\/11\/20251030_201717-2048x922.jpg 2048w\" sizes=\"(max-width: 1024px) 100vw, 1024px\" \/><\/figure>\n","protected":false},"excerpt":{"rendered":"<p>Con una destacada convocatoria de padres, docentes, directivos y autoridades locales, se desarroll\u00f3 en Intendente Alvear la charla \u201cJ\u00f3venes con<\/p>\n","protected":false},"author":1,"featured_media":17538,"comment_status":"open","ping_status":"open","sticky":false,"template":"","format":"standard","meta":{"colormag_page_container_layout":"default_layout","colormag_page_sidebar_layout":"default_layout","footnotes":""},"categories":[54,6,8],"tags":[],"class_list":["post-17537","post","type-post","status-publish","format-standard","has-post-thumbnail","hentry","category-educacion","category-locales","category-ultimas-noticias"],"_links":{"self":[{"href":"https:\/\/notipampa.com\/index.php?rest_route=\/wp\/v2\/posts\/17537","targetHints":{"allow":["GET"]}}],"collection":[{"href":"https:\/\/notipampa.com\/index.php?rest_route=\/wp\/v2\/posts"}],"about":[{"href":"https:\/\/notipampa.com\/index.php?rest_route=\/wp\/v2\/types\/post"}],"author":[{"embeddable":true,"href":"https:\/\/notipampa.com\/index.php?rest_route=\/wp\/v2\/users\/1"}],"replies":[{"embeddable":true,"href":"https:\/\/notipampa.com\/index.php?rest_route=%2Fwp%2Fv2%2Fcomments&post=17537"}],"version-history":[{"count":1,"href":"https:\/\/notipampa.com\/index.php?rest_route=\/wp\/v2\/posts\/17537\/revisions"}],"predecessor-version":[{"id":17540,"href":"https:\/\/notipampa.com\/index.php?rest_route=\/wp\/v2\/posts\/17537\/revisions\/17540"}],"wp:featuredmedia":[{"embeddable":true,"href":"https:\/\/notipampa.com\/index.php?rest_route=\/wp\/v2\/media\/17538"}],"wp:attachment":[{"href":"https:\/\/notipampa.com\/index.php?rest_route=%2Fwp%2Fv2%2Fmedia&parent=17537"}],"wp:term":[{"taxonomy":"category","embeddable":true,"href":"https:\/\/notipampa.com\/index.php?rest_route=%2Fwp%2Fv2%2Fcategories&post=17537"},{"taxonomy":"post_tag","embeddable":true,"href":"https:\/\/notipampa.com\/index.php?rest_route=%2Fwp%2Fv2%2Ftags&post=17537"}],"curies":[{"name":"wp","href":"https:\/\/api.w.org\/{rel}","templated":true}]}}