{"id":17513,"date":"2025-10-29T09:00:09","date_gmt":"2025-10-29T12:00:09","guid":{"rendered":"https:\/\/notipampa.com\/?p=17513"},"modified":"2025-10-29T09:42:21","modified_gmt":"2025-10-29T12:42:21","slug":"torneo-regional-amateur-alvear-fbc-vencio-a-ferro-de-pico-y-sumo-tres-puntos-valiosos","status":"publish","type":"post","link":"https:\/\/notipampa.com\/?p=17513","title":{"rendered":"Torneo Regional Amateur: Alvear FBC venci\u00f3 a Ferro de Pico y sum\u00f3 tres puntos valiosos"},"content":{"rendered":"\n<p>Alvear FBC consigui\u00f3 un triunfo clave en la <strong>2\u00aa fecha del Torneo Regional Federal Amateur<\/strong>, al derrotar <strong>2 a 0 a Ferro de Pico<\/strong> ayer por la tarde en el estadio de la Avenida San Mart\u00edn. Con 2 goles en los primeros minutos, el conjunto azul marc\u00f3 la diferencia y logr\u00f3 sostenerla con solidez hasta el final del encuentro.<\/p>\n\n\n\n<p>A los <strong>10 minutos<\/strong>, <strong>Axel Bertaina<\/strong> abri\u00f3 el marcador tras una gran jugada colectiva, y apenas seis minutos m\u00e1s tarde, <strong>Mateo Bolteau<\/strong> ampli\u00f3 la ventaja para desatar la alegr\u00eda local. Ferro intent\u00f3 reaccionar, pero no logr\u00f3 inquietar con claridad al arquero <strong>Lucas Santucho<\/strong>, quien respondi\u00f3 con seguridad en cada intervenci\u00f3n.<\/p>\n\n\n\n<p>En el complemento, el elenco piquense sufri\u00f3 una baja importante: <strong>Pablo Soda<\/strong> vio la tarjeta roja pocos minutos despu\u00e9s de ingresar, dejando a su equipo con diez jugadores y reduciendo sus posibilidades de remontada.<\/p>\n\n\n\n<p>Con este resultado, <strong>Alvear FBC<\/strong> suma tres puntos fundamentales en su camino dentro del certamen regional, mostrando una versi\u00f3n s\u00f3lida y efectiva frente a un rival siempre exigente.<\/p>\n\n\n\n<hr class=\"wp-block-separator has-alpha-channel-opacity\"\/>\n\n\n\n<h4 class=\"wp-block-heading\"><strong>Formaciones<\/strong><\/h4>\n\n\n\n<p><strong>Alvear FBC:<\/strong><br>Lucas Santucho; Marco P\u00e9rez, Gast\u00f3n Fredes, Agust\u00edn \u00c1lvarez, Eric Rodas, Yael Ferreyra; Javier Vid\u00e1les Sosa, Mateo Bolteau, Axel Bertaina; Eduardo Acosta, Marcelo Freites.<br><strong>D.T.:<\/strong> Germ\u00e1n R\u00edo.<br><strong>Suplentes:<\/strong> Ramiro Tom\u00e1s, \u00c1lvaro Cuello, Gabriel D\u00edaz Silva, Samir Mi\u00f1o Aravi, Mart\u00edn Gonz\u00e1lez, Ibrahim Mi\u00f1o Aravi, Gonzalo Arriola.<\/p>\n\n\n\n<p><strong>Ferro de Pico:<\/strong><br>Joaqu\u00edn Sequeira; Fernando Pascual, Santiago Bustos, Lautaro N\u00fa\u00f1ez, Jes\u00fas Cama\u00f1o; Gast\u00f3n Mart\u00ednez, Gustavo Villarruel, Lautaro Gayoso; \u00c1lvaro Klusener, Facundo Quiroga, Axel Musarella.<br><strong>D.T.:<\/strong> Alejandro Abaurre.<br><strong>Suplentes:<\/strong> I\u00f1aki Ludue\u00f1a, Thiago Figueroa, Roque Gonz\u00e1lez, Lautaro S\u00e1nchez, Nicol\u00e1s Treco, Albaro Orueta, Pablo Soda.<\/p>\n\n\n\n<p><strong>\u00c1rbitro:<\/strong> Franco Mor\u00f3n<br><strong>Asistentes:<\/strong> Marcos Inchaurrondo y Ver\u00f3nica Bustamante.<\/p>\n","protected":false},"excerpt":{"rendered":"<p>Alvear FBC consigui\u00f3 un triunfo clave en la 2\u00aa fecha del Torneo Regional Federal Amateur, al derrotar 2 a 0<\/p>\n","protected":false},"author":1,"featured_media":17514,"comment_status":"open","ping_status":"open","sticky":false,"template":"","format":"standard","meta":{"colormag_page_container_layout":"default_layout","colormag_page_sidebar_layout":"default_layout","footnotes":""},"categories":[10,6,8],"tags":[],"class_list":["post-17513","post","type-post","status-publish","format-standard","has-post-thumbnail","hentry","category-sports","category-locales","category-ultimas-noticias"],"_links":{"self":[{"href":"https:\/\/notipampa.com\/index.php?rest_route=\/wp\/v2\/posts\/17513","targetHints":{"allow":["GET"]}}],"collection":[{"href":"https:\/\/notipampa.com\/index.php?rest_route=\/wp\/v2\/posts"}],"about":[{"href":"https:\/\/notipampa.com\/index.php?rest_route=\/wp\/v2\/types\/post"}],"author":[{"embeddable":true,"href":"https:\/\/notipampa.com\/index.php?rest_route=\/wp\/v2\/users\/1"}],"replies":[{"embeddable":true,"href":"https:\/\/notipampa.com\/index.php?rest_route=%2Fwp%2Fv2%2Fcomments&post=17513"}],"version-history":[{"count":2,"href":"https:\/\/notipampa.com\/index.php?rest_route=\/wp\/v2\/posts\/17513\/revisions"}],"predecessor-version":[{"id":17522,"href":"https:\/\/notipampa.com\/index.php?rest_route=\/wp\/v2\/posts\/17513\/revisions\/17522"}],"wp:featuredmedia":[{"embeddable":true,"href":"https:\/\/notipampa.com\/index.php?rest_route=\/wp\/v2\/media\/17514"}],"wp:attachment":[{"href":"https:\/\/notipampa.com\/index.php?rest_route=%2Fwp%2Fv2%2Fmedia&parent=17513"}],"wp:term":[{"taxonomy":"category","embeddable":true,"href":"https:\/\/notipampa.com\/index.php?rest_route=%2Fwp%2Fv2%2Fcategories&post=17513"},{"taxonomy":"post_tag","embeddable":true,"href":"https:\/\/notipampa.com\/index.php?rest_route=%2Fwp%2Fv2%2Ftags&post=17513"}],"curies":[{"name":"wp","href":"https:\/\/api.w.org\/{rel}","templated":true}]}}