{"id":17496,"date":"2025-10-24T20:40:48","date_gmt":"2025-10-24T23:40:48","guid":{"rendered":"https:\/\/notipampa.com\/?p=17496"},"modified":"2025-10-24T20:40:50","modified_gmt":"2025-10-24T23:40:50","slug":"alvear-juntos-y-unidos-podemos-expreso-su-preocupacion-ante-el-ajuste-en-discapacidad-propuesto-por-el-gobierno-nacional","status":"publish","type":"post","link":"https:\/\/notipampa.com\/?p=17496","title":{"rendered":"Alvear: \u201cJuntos y Unidos Podemos\u201d expres\u00f3 su preocupaci\u00f3n ante el ajuste en discapacidad propuesto por el Gobierno Nacional"},"content":{"rendered":"\n<p>El Centro de D\u00eda <em>\u201cJuntos y Unidos Podemos\u201d<\/em> emiti\u00f3 un comunicado dirigido a la comunidad en el que manifiesta su <strong>profunda preocupaci\u00f3n y rechazo al ajuste en discapacidad<\/strong> impulsado por el Gobierno de Javier Milei.<\/p>\n\n\n\n<p>En el texto, la instituci\u00f3n \u2014dedicada a la defensa y promoci\u00f3n de los derechos de las personas con discapacidad\u2014 sostiene que la medida \u201crepresenta un paso atr\u00e1s en la lucha por la inclusi\u00f3n y la igualdad de oportunidades\u201d. Asimismo, remarcan la importancia de la <strong>Ley de Emergencia en Discapacidad<\/strong>, aprobada por el Congreso en dos oportunidades, pero que \u201cel presidente decidi\u00f3 no implementar\u201d.<\/p>\n\n\n\n<p>Desde la entidad advierten que la falta de aplicaci\u00f3n de la ley provoca \u201cdeterioro, angustia, falta de atenci\u00f3n, familias sin respuestas y trabajadores al l\u00edmite\u201d.<\/p>\n\n\n\n<blockquote class=\"wp-block-quote is-layout-flow wp-block-quote-is-layout-flow\">\n<p>\u201cLas instituciones, los trabajadores y las familias que somos quienes sostenemos cada d\u00eda lo que el Estado abandona, decimos basta\u201d, expresan en uno de los p\u00e1rrafos m\u00e1s contundentes del comunicado.<\/p>\n<\/blockquote>\n\n\n\n<p>El Centro de D\u00eda anunci\u00f3 adem\u00e1s que se <strong>adhiere a la lucha nacional<\/strong> que lleva adelante el sector y que, como parte de las medidas, se <strong>suspender\u00e1n las actividades de la instituci\u00f3n<\/strong>.<\/p>\n\n\n\n<p>El pronunciamiento concluye con un mensaje claro:<\/p>\n\n\n\n<blockquote class=\"wp-block-quote is-layout-flow wp-block-quote-is-layout-flow\">\n<p>\u201cLos derechos de las personas con discapacidad se defienden, gobierne quien gobierne\u201d.<\/p>\n<\/blockquote>\n\n\n\n<figure class=\"wp-block-image size-large\"><img fetchpriority=\"high\" decoding=\"async\" width=\"739\" height=\"1024\" src=\"https:\/\/notipampa.com\/wp-content\/uploads\/2025\/10\/WhatsApp-Image-2025-10-23-at-13.41.32-739x1024.jpeg\" alt=\"\" class=\"wp-image-17497\" srcset=\"https:\/\/notipampa.com\/wp-content\/uploads\/2025\/10\/WhatsApp-Image-2025-10-23-at-13.41.32-739x1024.jpeg 739w, https:\/\/notipampa.com\/wp-content\/uploads\/2025\/10\/WhatsApp-Image-2025-10-23-at-13.41.32-217x300.jpeg 217w, https:\/\/notipampa.com\/wp-content\/uploads\/2025\/10\/WhatsApp-Image-2025-10-23-at-13.41.32-768x1064.jpeg 768w, https:\/\/notipampa.com\/wp-content\/uploads\/2025\/10\/WhatsApp-Image-2025-10-23-at-13.41.32-1109x1536.jpeg 1109w, https:\/\/notipampa.com\/wp-content\/uploads\/2025\/10\/WhatsApp-Image-2025-10-23-at-13.41.32.jpeg 1155w\" sizes=\"(max-width: 739px) 100vw, 739px\" \/><\/figure>\n","protected":false},"excerpt":{"rendered":"<p>El Centro de D\u00eda \u201cJuntos y Unidos Podemos\u201d emiti\u00f3 un comunicado dirigido a la comunidad en el que manifiesta su<\/p>\n","protected":false},"author":1,"featured_media":17498,"comment_status":"open","ping_status":"open","sticky":false,"template":"","format":"standard","meta":{"colormag_page_container_layout":"default_layout","colormag_page_sidebar_layout":"default_layout","footnotes":""},"categories":[6,8],"tags":[],"class_list":["post-17496","post","type-post","status-publish","format-standard","has-post-thumbnail","hentry","category-locales","category-ultimas-noticias"],"_links":{"self":[{"href":"https:\/\/notipampa.com\/index.php?rest_route=\/wp\/v2\/posts\/17496","targetHints":{"allow":["GET"]}}],"collection":[{"href":"https:\/\/notipampa.com\/index.php?rest_route=\/wp\/v2\/posts"}],"about":[{"href":"https:\/\/notipampa.com\/index.php?rest_route=\/wp\/v2\/types\/post"}],"author":[{"embeddable":true,"href":"https:\/\/notipampa.com\/index.php?rest_route=\/wp\/v2\/users\/1"}],"replies":[{"embeddable":true,"href":"https:\/\/notipampa.com\/index.php?rest_route=%2Fwp%2Fv2%2Fcomments&post=17496"}],"version-history":[{"count":1,"href":"https:\/\/notipampa.com\/index.php?rest_route=\/wp\/v2\/posts\/17496\/revisions"}],"predecessor-version":[{"id":17499,"href":"https:\/\/notipampa.com\/index.php?rest_route=\/wp\/v2\/posts\/17496\/revisions\/17499"}],"wp:featuredmedia":[{"embeddable":true,"href":"https:\/\/notipampa.com\/index.php?rest_route=\/wp\/v2\/media\/17498"}],"wp:attachment":[{"href":"https:\/\/notipampa.com\/index.php?rest_route=%2Fwp%2Fv2%2Fmedia&parent=17496"}],"wp:term":[{"taxonomy":"category","embeddable":true,"href":"https:\/\/notipampa.com\/index.php?rest_route=%2Fwp%2Fv2%2Fcategories&post=17496"},{"taxonomy":"post_tag","embeddable":true,"href":"https:\/\/notipampa.com\/index.php?rest_route=%2Fwp%2Fv2%2Ftags&post=17496"}],"curies":[{"name":"wp","href":"https:\/\/api.w.org\/{rel}","templated":true}]}}