{"id":17451,"date":"2025-10-16T07:40:45","date_gmt":"2025-10-16T10:40:45","guid":{"rendered":"https:\/\/notipampa.com\/?p=17451"},"modified":"2025-10-16T07:40:46","modified_gmt":"2025-10-16T10:40:46","slug":"ziliotto-inauguro-el-hospital-comunitario-del-barrio-federal-de-general-pico","status":"publish","type":"post","link":"https:\/\/notipampa.com\/?p=17451","title":{"rendered":"Ziliotto inaugur\u00f3 el Hospital Comunitario del Barrio Federal de General Pico"},"content":{"rendered":"\n<p><strong>El nuevo establecimiento de Nivel IV inicia su puesta en funcionamiento con servicios esenciales y una inversi\u00f3n provincial cercana a los 25 mil millones de pesos.\u00a0 El gobernador Sergio Ziliotto afirm\u00f3 que se \u201ccumple con la palabra empe\u00f1ada: obra prometida, obra inaugurada\u201d y que se consolida la salud p\u00fablica pampeana como \u201cuna referencia regional y nacional\u201d. \u201cSeguiremos siendo soberanos, tomando decisiones mirando a la gente e incluyendo a la gente\u201d, afirm\u00f3. \u00a0<\/strong><\/p>\n\n\n\n<p>El gobernador Sergio Ziliotto encabez\u00f3 este mi\u00e9rcoles la inauguraci\u00f3n del Hospital Comunitario del Barrio Federal de General Pico, una obra emblem\u00e1tica del sistema p\u00fablico de salud pampeano que ampl\u00eda la cobertura y mejora la atenci\u00f3n sanitaria en una de las zonas m\u00e1s pobladas de la ciudad.<\/p>\n\n\n\n<p>Acompa\u00f1aron al mandatario la vicegobernadora Alicia Mayoral y la intendenta Fernanda Alonso.&nbsp; Tambi\u00e9n estuvieron presentes autoridades de los ministerios de Salud, de Obras P\u00fablicas, adem\u00e1s de integrantes del gabinete provincial, legisladores provinciales y nacionales, autoridades municipales y personal de salud, entre otros.<\/p>\n\n\n\n<p><strong>\u201cObra prometida, obra inaugurada\u201d<\/strong><\/p>\n\n\n\n<p>\u201cGracias por compartir este momento tan trascendental para General Pico y para la salud del norte de la provincia de La Pampa. Una vez m\u00e1s estamos aqu\u00ed en Pico, y la mayor\u00eda de las veces venimos a traer respuestas. Vinimos a inaugurar pavimento urbano, el polo tecnol\u00f3gico, la doble v\u00eda, viviendas y obras en el Centeno como salud mental y maternidad. Pero hoy es una oportunidad diferente: estamos inaugurando un hospital de Nivel 4, que no solo viene a complementarse con el Centeno, sino que junto a \u00e9l ser\u00e1 una referencia para todo el norte provincial\u201d, asegur\u00f3 Ziliotto.<\/p>\n\n\n\n<p>El mandatario resalt\u00f3 que el nuevo hospital \u201ctambi\u00e9n atiende a argentinas y argentinos de provincias lim\u00edtrofes, de la misma manera, sin discriminar a nadie\u201d, y expres\u00f3 su \u201cenorme satisfacci\u00f3n de cumplir con la palabra empe\u00f1ada: obra prometida, obra inaugurada, algo que nos ense\u00f1\u00f3 la historia de los gobiernos de la provincia de La Pampa\u201d.<br>Subray\u00f3 la importancia del hospital dentro del modelo sanitario provincial: \u201cDesde que somos provincia entendemos c\u00f3mo y para qui\u00e9n se gobierna, y es para todas y todos, en cada rinc\u00f3n de la geograf\u00eda pampeana. No tengo dudas de que este hospital va a ser una referencia regional y va a darle a\u00fan mayor prestigio a la salud p\u00fablica de La Pampa\u201d.<\/p>\n\n\n\n<p><strong>Salud p\u00fablica como pol\u00edtica de Estado<\/strong><\/p>\n\n\n\n<p>Durante su intervenci\u00f3n, el gobernador invit\u00f3 a \u201cvalorar lo que tenemos en la provincia y por qu\u00e9 debemos seguir este camino hist\u00f3rico\u201d.&nbsp;\u201cLa salud de La Pampa es una referencia nacional. Hoy el ministro de Salud, Rub\u00e9n Kohan, no est\u00e1 aqu\u00ed porque fue convocado a disertar en C\u00f3rdoba por la Sociedad Argentina de Cardiolog\u00eda sobre el programa Cardio 365, una herramienta que ya es ejemplo nacional e internacional por los beneficios que ha generado\u201d, dijo.<\/p>\n\n\n\n<p>El gobernador reafirm\u00f3 la convicci\u00f3n del Gobierno provincial sobre el rol estatal: \u201cHay una \u00fanica manera de dar respuesta, y es a trav\u00e9s del rol del Estado. En tiempos de crisis, tambi\u00e9n nos hacemos cargo de la defecci\u00f3n de los sistemas privados de salud. Lo hacemos con orgullo y con capacidad, para seguir dando respuestas a\u00fan en contextos dif\u00edciles\u201d.<\/p>\n\n\n\n<p>Critic\u00f3 la falta de apoyo nacional en pol\u00edticas p\u00fablicas esenciales y reafirm\u00f3 la decisi\u00f3n de sostener las prioridades provinciales: \u201cLa enorme mayor\u00eda de los recursos que se van de La Pampa en impuestos nacionales no vuelven para hacer viviendas, ni para educaci\u00f3n, ni para proteger la vida a trav\u00e9s de la salud p\u00fablica. El mercado no estar\u00eda hoy inaugurando un hospital como este, porque no encontrar\u00eda poder adquisitivo en la gente. Por eso, cuando nos preguntan si vamos a acordar, la respuesta es clara: \u00bfvamos a compartir el ajuste nacional? \u00bfVamos a abandonar la educaci\u00f3n, la seguridad, la obra p\u00fablica? Eso no lo van a lograr. Seguiremos peleando y defendiendo nuestra provincia\u201d.<\/p>\n\n\n\n<p>Finalmente, Ziliotto cerr\u00f3 su mensaje reafirmando la identidad pol\u00edtica de su gesti\u00f3n: \u201cEn democracia, todos los gobiernos justicialistas sostuvimos una \u00fanica manera de dise\u00f1ar pol\u00edticas p\u00fablicas: aquellas que hacen eje en cada ciudadana y ciudadano. Seguiremos siendo soberanos, tomando decisiones mirando a la gente, incluyendo a la gente. En tiempos donde avanza la dependencia econ\u00f3mica y el entreguismo, en La Pampa los \u00fanicos que van a seguir mandando son las pampeanas y los pampeanos\u201d.<\/p>\n\n\n\n<p><strong>Alonso: \u201cEs con la gente adentro\u201d<\/strong><\/p>\n\n\n\n<p>La intendenta Fernanda Alonso destac\u00f3 la transformaci\u00f3n del Barrio Federal y el impacto de la presencia estatal en el desarrollo de la comunidad: \u201cEs un barrio que se ha ido consustanciando por la presencia del Estado, que construy\u00f3 1.600 viviendas, que no se olvid\u00f3 de agregarle seguridad porque est\u00e1 la polic\u00eda aqu\u00ed a pasos nada m\u00e1s, porque tiene una escuela que puede albergar a los ni\u00f1os desde la sala de tres hasta el secundario completo, porque tuvo y tiene su centro de salud, porque est\u00e1 la posibilidad de garantizarle a una persona que nace en el barrio Bicentenario la posibilidad de acceder a pol\u00edticas p\u00fablicas pensadas desde antes de gestarte hasta tu vejez\u201d.<br>Alonso remarc\u00f3 que la continuidad de las pol\u00edticas p\u00fablicas en La Pampa es resultado de una convicci\u00f3n compartida: \u201cIdeol\u00f3gicamente estamos parados desde un lugar donde durante 42 a\u00f1os La Pampa nunca dud\u00f3 que es con la gente adentro. Y as\u00ed va a seguir siendo. As\u00ed vamos a sostener la posibilidad de garantizar las pol\u00edticas p\u00fablicas que necesita nuestra comunidad\u201d.<\/p>\n\n\n\n<p>La intendenta tambi\u00e9n mencion\u00f3 la necesidad de recuperar el proyecto del Centro de Desarrollo Infantil cuya obra fue paralizada por el Gobierno nacional: \u201cA pasos de aqu\u00ed tenemos una obra olvidada, la promesa de un centro de desarrollo infantil que el Gobierno nacional fren\u00f3. Estoy peleando para que nos devuelvan esa obra porque pretendemos que los pibes y las pibas del barrio accedan a un CDI en las condiciones que merecen nuestras primeras infancias. Y el Gobierno nacional nos lo est\u00e1 impidiendo\u201d.<\/p>\n\n\n\n<p>Finalmente, Alonso celebr\u00f3 el logro colectivo: \u201cHoy es un d\u00eda hist\u00f3rico de fiesta. Agradezc\u00e1mosle al Gobierno provincial que no dud\u00f3 en garantizar la construcci\u00f3n de nuestro hospital y festejemos este d\u00eda hist\u00f3rico para el barrio Bicentenario\u201d.<\/p>\n\n\n\n<p><strong>\u201cEste hospital es de todos ustedes y para ustedes\u201d<\/strong><\/p>\n\n\n\n<p>La flamante directora del Hospital Comunitario, Luc\u00eda Campo, expres\u00f3 su orgullo y compromiso al asumir la conducci\u00f3n del nuevo establecimiento.&nbsp; \u201cApenas terminada la pandemia nos dijeron \u2018vamos a crear el hospital en el barrio Federal\u2019. Dijimos: si tiene casa, tiene escuela y faltaba el hospital. Este hospital es producto de una agenda prioritaria que tiene el Gobierno de la provincia para seguir acercando la salud a todos los pampeanos, achicar distancias y achicar tiempos, en una econom\u00eda tan dif\u00edcil y con adversarios tan complejos\u201d, explic\u00f3.<\/p>\n\n\n\n<p>Finalmente, agradeci\u00f3 la confianza y el esfuerzo de todo el personal que hizo posible la concreci\u00f3n del nuevo centro de salud: \u201cGracias por dejarme formar parte del equipo. Hay much\u00edsima gente que logr\u00f3 esto. Esto no es m\u00edo, es de todos ustedes y para ustedes. Gracias se\u00f1or gobernador: obra prometida, obra cumplida\u201d.<\/p>\n\n\n\n<p><strong>Atenci\u00f3n progresiva en tres etapas<\/strong><\/p>\n\n\n\n<p>Con una inversi\u00f3n cercana a&nbsp; los 25 mil millones de pesos entre el edificio&nbsp; y el equipamiento, el nuevo Hospital de Nivel IV inicia su funcionamiento con servicios esenciales de admisi\u00f3n de pacientes, enfermer\u00eda con atenci\u00f3n las 24 horas, vacunaci\u00f3n, farmacia, rehabilitaci\u00f3n, laboratorio y consultorios externos de diversas especialidades, entre ellas medicina general, pediatr\u00eda, cardiolog\u00eda y oftalmolog\u00eda.<\/p>\n\n\n\n<p>Tambi\u00e9n se pone en marcha el \u00e1rea de diagn\u00f3stico por im\u00e1genes, que incluye servicios de rayos X y ecograf\u00eda.<\/p>\n\n\n\n<p>En los pr\u00f3ximos meses, se incorporar\u00e1n nuevos servicios como odontolog\u00eda, cocina y lavander\u00eda, mientras que la tercera etapa contempla la habilitaci\u00f3n del quir\u00f3fano para cirug\u00edas de baja complejidad, guardia m\u00e9dica y \u00e1rea de internaci\u00f3n.<\/p>\n\n\n\n<p>El hospital contar\u00e1 con 23 camas: 14 de internaci\u00f3n general, 4 postquir\u00fargicas, 3 de shock room y 2 para observaci\u00f3n. Una vez completadas las etapas de implementaci\u00f3n, alcanzar\u00e1 la categor\u00eda plena de Nivel IV de complejidad, con capacidad para brindar atenci\u00f3n integral a la comunidad.<\/p>\n\n\n\n<p><strong>Un hospital moderno y accesible<\/strong><\/p>\n\n\n\n<p>El edificio, de 4.800 metros cuadrados cubiertos, est\u00e1 dise\u00f1ado para optimizar la atenci\u00f3n y el trabajo interdisciplinario de los equipos de salud. La conducci\u00f3n estar\u00e1 a cargo de la doctora Luc\u00eda Campo, quien asumi\u00f3 en la direcci\u00f3n de esta nueva etapa en la gesti\u00f3n sanitaria.<\/p>\n\n\n\n<p>La apertura del Hospital Comunitario del Barrio Federal constituye un paso estrat\u00e9gico en el proceso de descentralizaci\u00f3n del sistema de salud, al permitir que los vecinos de los barrios Federal, La Loma, Malma, Energ\u00eda y Progreso, Carlos Berg, Frank Allan, Don Bosco y Pac\u00edfico accedan a especialidades m\u00e9dicas sin necesidad de trasladarse al Hospital Gobernador Centeno.<\/p>\n\n\n\n<p>De esta manera, se reducir\u00e1n los tiempos de espera, se evitar\u00e1n traslados innecesarios y se descongestionar\u00e1 el hospital central, mejorando la calidad y eficiencia de la atenci\u00f3n.<\/p>\n\n\n\n<p><strong>Refuncionalizaci\u00f3n del antiguo centro de salud<\/strong><\/p>\n\n\n\n<p>El edificio donde hasta ahora funcionaba el centro de salud del barrio Federal ser\u00e1 refuncionalizado para albergar una base descentralizada del Servicio de Emergencias M\u00e9dicas (SEM), reforzando la capacidad de respuesta ante urgencias en toda la zona norte de General Pico.<\/p>\n\n\n\n<figure class=\"wp-block-image size-large\"><img fetchpriority=\"high\" decoding=\"async\" width=\"1024\" height=\"683\" src=\"https:\/\/notipampa.com\/wp-content\/uploads\/2025\/10\/1000095__jng0469-1024x683.jpg\" alt=\"\" class=\"wp-image-17453\" srcset=\"https:\/\/notipampa.com\/wp-content\/uploads\/2025\/10\/1000095__jng0469-1024x683.jpg 1024w, https:\/\/notipampa.com\/wp-content\/uploads\/2025\/10\/1000095__jng0469-300x200.jpg 300w, https:\/\/notipampa.com\/wp-content\/uploads\/2025\/10\/1000095__jng0469-768x512.jpg 768w, https:\/\/notipampa.com\/wp-content\/uploads\/2025\/10\/1000095__jng0469-1536x1024.jpg 1536w, https:\/\/notipampa.com\/wp-content\/uploads\/2025\/10\/1000095__jng0469.jpg 1620w\" sizes=\"(max-width: 1024px) 100vw, 1024px\" \/><\/figure>\n","protected":false},"excerpt":{"rendered":"<p>El nuevo establecimiento de Nivel IV inicia su puesta en funcionamiento con servicios esenciales y una inversi\u00f3n provincial cercana a<\/p>\n","protected":false},"author":1,"featured_media":17452,"comment_status":"open","ping_status":"open","sticky":false,"template":"","format":"standard","meta":{"colormag_page_container_layout":"default_layout","colormag_page_sidebar_layout":"default_layout","footnotes":""},"categories":[4,53,8],"tags":[],"class_list":["post-17451","post","type-post","status-publish","format-standard","has-post-thumbnail","hentry","category-provincia","category-salud","category-ultimas-noticias"],"_links":{"self":[{"href":"https:\/\/notipampa.com\/index.php?rest_route=\/wp\/v2\/posts\/17451","targetHints":{"allow":["GET"]}}],"collection":[{"href":"https:\/\/notipampa.com\/index.php?rest_route=\/wp\/v2\/posts"}],"about":[{"href":"https:\/\/notipampa.com\/index.php?rest_route=\/wp\/v2\/types\/post"}],"author":[{"embeddable":true,"href":"https:\/\/notipampa.com\/index.php?rest_route=\/wp\/v2\/users\/1"}],"replies":[{"embeddable":true,"href":"https:\/\/notipampa.com\/index.php?rest_route=%2Fwp%2Fv2%2Fcomments&post=17451"}],"version-history":[{"count":1,"href":"https:\/\/notipampa.com\/index.php?rest_route=\/wp\/v2\/posts\/17451\/revisions"}],"predecessor-version":[{"id":17454,"href":"https:\/\/notipampa.com\/index.php?rest_route=\/wp\/v2\/posts\/17451\/revisions\/17454"}],"wp:featuredmedia":[{"embeddable":true,"href":"https:\/\/notipampa.com\/index.php?rest_route=\/wp\/v2\/media\/17452"}],"wp:attachment":[{"href":"https:\/\/notipampa.com\/index.php?rest_route=%2Fwp%2Fv2%2Fmedia&parent=17451"}],"wp:term":[{"taxonomy":"category","embeddable":true,"href":"https:\/\/notipampa.com\/index.php?rest_route=%2Fwp%2Fv2%2Fcategories&post=17451"},{"taxonomy":"post_tag","embeddable":true,"href":"https:\/\/notipampa.com\/index.php?rest_route=%2Fwp%2Fv2%2Ftags&post=17451"}],"curies":[{"name":"wp","href":"https:\/\/api.w.org\/{rel}","templated":true}]}}