{"id":17448,"date":"2025-10-15T11:40:33","date_gmt":"2025-10-15T14:40:33","guid":{"rendered":"https:\/\/notipampa.com\/?p=17448"},"modified":"2025-10-15T11:40:34","modified_gmt":"2025-10-15T14:40:34","slug":"video-alvear-el-propietario-del-perro-dio-su-consentimiento-para-que-se-practique-la-eutanasia-confirmo-chichizola","status":"publish","type":"post","link":"https:\/\/notipampa.com\/?p=17448","title":{"rendered":"(Video) Alvear: \u201cEl propietario del perro dio su consentimiento para que se practique la eutanasia\u201d, confirm\u00f3 Chichizola"},"content":{"rendered":"\n<p><strong>En di\u00e1logo con NotiPampa, el abogado Germ\u00e1n Chichizola, titular del Juzgado de Faltas de Intendente Alvear, y Celeste \u00c1lvarez, encargada del \u00c1rea de Bromatolog\u00eda y Zoonosis, brindaron detalles sobre el avance de la causa tras el ataque de un dogo a un hombre de 75 a\u00f1os.<\/strong><\/p>\n\n\n\n<p>Ambos explicaron que el animal fue secuestrado y trasladado a la canilera municipal, donde permanece aislado mientras contin\u00faan las pericias y actuaciones judiciales.<\/p>\n\n\n\n<p>Chichizola confirm\u00f3 que el propietario del perro dio su consentimiento para que se practique la eutanasia, una vez que finalicen los procedimientos legales y sanitarios correspondientes.<\/p>\n\n\n\n<p>En el video, los funcionarios detallan el trabajo conjunto entre las \u00e1reas municipales y la importancia de reforzar las normas sobre tenencia responsable de animales en la localidad.<\/p>\n\n\n\n<figure class=\"wp-block-embed is-type-video is-provider-youtube wp-block-embed-youtube wp-embed-aspect-16-9 wp-has-aspect-ratio\"><div class=\"wp-block-embed__wrapper\">\n<iframe title=\"\u201cEl propietario del perro dio su consentimiento para la eutanasia\u201d, confirm\u00f3 Chichizola\" width=\"800\" height=\"450\" src=\"https:\/\/www.youtube.com\/embed\/1A4woEoo8EI?feature=oembed\" frameborder=\"0\" allow=\"accelerometer; autoplay; clipboard-write; encrypted-media; gyroscope; picture-in-picture; web-share\" referrerpolicy=\"strict-origin-when-cross-origin\" allowfullscreen><\/iframe>\n<\/div><\/figure>\n","protected":false},"excerpt":{"rendered":"<p>En di\u00e1logo con NotiPampa, el abogado Germ\u00e1n Chichizola, titular del Juzgado de Faltas de Intendente Alvear, y Celeste \u00c1lvarez, encargada<\/p>\n","protected":false},"author":1,"featured_media":17449,"comment_status":"open","ping_status":"open","sticky":false,"template":"","format":"standard","meta":{"colormag_page_container_layout":"default_layout","colormag_page_sidebar_layout":"default_layout","footnotes":""},"categories":[6,8],"tags":[],"class_list":["post-17448","post","type-post","status-publish","format-standard","has-post-thumbnail","hentry","category-locales","category-ultimas-noticias"],"_links":{"self":[{"href":"https:\/\/notipampa.com\/index.php?rest_route=\/wp\/v2\/posts\/17448","targetHints":{"allow":["GET"]}}],"collection":[{"href":"https:\/\/notipampa.com\/index.php?rest_route=\/wp\/v2\/posts"}],"about":[{"href":"https:\/\/notipampa.com\/index.php?rest_route=\/wp\/v2\/types\/post"}],"author":[{"embeddable":true,"href":"https:\/\/notipampa.com\/index.php?rest_route=\/wp\/v2\/users\/1"}],"replies":[{"embeddable":true,"href":"https:\/\/notipampa.com\/index.php?rest_route=%2Fwp%2Fv2%2Fcomments&post=17448"}],"version-history":[{"count":1,"href":"https:\/\/notipampa.com\/index.php?rest_route=\/wp\/v2\/posts\/17448\/revisions"}],"predecessor-version":[{"id":17450,"href":"https:\/\/notipampa.com\/index.php?rest_route=\/wp\/v2\/posts\/17448\/revisions\/17450"}],"wp:featuredmedia":[{"embeddable":true,"href":"https:\/\/notipampa.com\/index.php?rest_route=\/wp\/v2\/media\/17449"}],"wp:attachment":[{"href":"https:\/\/notipampa.com\/index.php?rest_route=%2Fwp%2Fv2%2Fmedia&parent=17448"}],"wp:term":[{"taxonomy":"category","embeddable":true,"href":"https:\/\/notipampa.com\/index.php?rest_route=%2Fwp%2Fv2%2Fcategories&post=17448"},{"taxonomy":"post_tag","embeddable":true,"href":"https:\/\/notipampa.com\/index.php?rest_route=%2Fwp%2Fv2%2Ftags&post=17448"}],"curies":[{"name":"wp","href":"https:\/\/api.w.org\/{rel}","templated":true}]}}