{"id":17437,"date":"2025-10-15T08:25:26","date_gmt":"2025-10-15T11:25:26","guid":{"rendered":"https:\/\/notipampa.com\/?p=17437"},"modified":"2025-10-15T08:25:27","modified_gmt":"2025-10-15T11:25:27","slug":"alvear-el-ataque-del-dogo-fue-brutal-el-perro-le-destrozo-la-pierna-afirmo-el-comisario-cristian-castro","status":"publish","type":"post","link":"https:\/\/notipampa.com\/?p=17437","title":{"rendered":"Alvear: \u201cEl ataque del Dogo fue brutal, el perro le destroz\u00f3 la pierna\u201d, afirmo el comisario Cristian Castro"},"content":{"rendered":"\n<p><strong>El comisario Cristian Castro, jefe de la dependencia local, brind\u00f3 detalles sobre el violento hecho ocurrido el domingo. El perro, que ya hab\u00eda atacado antes a la misma v\u00edctima, fue secuestrado por orden judicial y permanece aislado en la canilera municipal.<\/strong><\/p>\n\n\n\n<p>Un violento episodio conmocion\u00f3 a la comunidad de Intendente Alvear el pasado domingo, cuando un <strong>dogo atac\u00f3 salvajemente a un hombre de 75 a\u00f1os<\/strong> mientras caminaba por una calle de la localidad.<\/p>\n\n\n\n<p>En di\u00e1logo con <em>NotiPampa<\/em>, el <strong>comisario Cristian Castro<\/strong>, jefe de la comisar\u00eda alvearense, relat\u00f3 que el hecho ocurri\u00f3 <strong>cerca de las 19 horas<\/strong>, cuando el hombre transitaba a pie y <strong>fue sorprendido por el animal<\/strong>, que le provoc\u00f3 <strong>graves lesiones en el gemelo de la pierna izquierda<\/strong>.<\/p>\n\n\n\n<blockquote class=\"wp-block-quote is-layout-flow wp-block-quote-is-layout-flow\">\n<p>\u201cEl perro sali\u00f3 de manera imprevista y le destroz\u00f3 el m\u00fasculo. Fue una situaci\u00f3n muy violenta\u201d, se\u00f1al\u00f3 Castro.<\/p>\n<\/blockquote>\n\n\n\n<p>La v\u00edctima fue asistida de urgencia y trasladada al hospital local, para luego ser derivada a la <strong>Cl\u00ednica Argentina de General Pico<\/strong>, donde fue sometida a una cirug\u00eda reconstructiva.<\/p>\n\n\n\n<blockquote class=\"wp-block-quote is-layout-flow wp-block-quote-is-layout-flow\">\n<p>\u201cEl paciente se encuentra estable. Es una persona mayor, con antecedentes de presi\u00f3n arterial, pero afortunadamente se logr\u00f3 estabilizarlo y evitar complicaciones mayores\u201d, a\u00f1adi\u00f3 el jefe policial.<\/p>\n<\/blockquote>\n\n\n\n<hr class=\"wp-block-separator has-alpha-channel-opacity\"\/>\n\n\n\n<h4 class=\"wp-block-heading\"><strong>El mismo perro ya lo hab\u00eda atacado antes<\/strong><\/h4>\n\n\n\n<p>Durante la investigaci\u00f3n, la polic\u00eda constat\u00f3 que <strong>no era la primera vez que el animal mord\u00eda a la misma persona<\/strong>.<\/p>\n\n\n\n<blockquote class=\"wp-block-quote is-layout-flow wp-block-quote-is-layout-flow\">\n<p>\u201cBuscando antecedentes, encontramos que el a\u00f1o pasado este mismo perro lo hab\u00eda mordido en la rodilla. En aquel momento no pas\u00f3 a mayores, pero esta vez fue mucho m\u00e1s grave\u201d, indic\u00f3 Castro.<\/p>\n<\/blockquote>\n\n\n\n<hr class=\"wp-block-separator has-alpha-channel-opacity\"\/>\n\n\n\n<h4 class=\"wp-block-heading\"><strong>Allanamiento y causa judicial<\/strong><\/h4>\n\n\n\n<p>Por disposici\u00f3n de la <strong>Fiscal\u00eda de Personas<\/strong>, a cargo de los doctores <strong>Cuenca y Peregrino<\/strong>, se realiz\u00f3 un <strong>allanamiento<\/strong> en el domicilio del propietario del perro.<\/p>\n\n\n\n<blockquote class=\"wp-block-quote is-layout-flow wp-block-quote-is-layout-flow\">\n<p>\u201cDurante el procedimiento se trabaj\u00f3 junto a la Agencia de Investigaci\u00f3n Cient\u00edfica y un veterinario policial. Se secuestr\u00f3 al animal, se revis\u00f3 la libreta sanitaria, se tomaron muestras del pelaje y se buscaron rastros de sangre\u201d, detall\u00f3 el comisario.<\/p>\n<\/blockquote>\n\n\n\n<p>En el lugar tambi\u00e9n intervino el <strong>juez de Faltas local<\/strong>, quien notific\u00f3 al due\u00f1o por <strong>tenencia irresponsable de animales peligrosos<\/strong>.<\/p>\n\n\n\n<blockquote class=\"wp-block-quote is-layout-flow wp-block-quote-is-layout-flow\">\n<p>\u201cEl perro estaba suelto, sin medidas de contenci\u00f3n. Por eso se analizan las condiciones del predio y el cumplimiento de las ordenanzas vigentes\u201d, precis\u00f3 Castro.<\/p>\n<\/blockquote>\n\n\n\n<hr class=\"wp-block-separator has-alpha-channel-opacity\"\/>\n\n\n\n<h4 class=\"wp-block-heading\"><strong>El perro fue secuestrado y est\u00e1 aislado<\/strong><\/h4>\n\n\n\n<p>El animal fue <strong>formalmente secuestrado<\/strong> y trasladado a la <strong>canilera municipal<\/strong>, donde <strong>permanece aislado<\/strong> mientras avanza la causa judicial.<\/p>\n\n\n\n<blockquote class=\"wp-block-quote is-layout-flow wp-block-quote-is-layout-flow\">\n<p>\u201cEst\u00e1 en un canil individual, separado, y quedar\u00e1 all\u00ed hasta que la Justicia determine los pasos a seguir\u201d, confirm\u00f3 el jefe policial.<\/p>\n<\/blockquote>\n\n\n\n<hr class=\"wp-block-separator has-alpha-channel-opacity\"\/>\n\n\n\n<h4 class=\"wp-block-heading\"><strong>Posibles sanciones y revisi\u00f3n de normas<\/strong><\/h4>\n\n\n\n<p>Castro anticip\u00f3 que se evaluar\u00e1 una <strong>revisi\u00f3n de las ordenanzas municipales<\/strong> sobre la <strong>tenencia de razas potencialmente peligrosas<\/strong>, como dogos o pitbulls.<\/p>\n\n\n\n<blockquote class=\"wp-block-quote is-layout-flow wp-block-quote-is-layout-flow\">\n<p>\u201cNo se trata de culpar a la raza, pero s\u00ed de tomar conciencia. Estos perros, si atacan, pueden causar lesiones grav\u00edsimas o incluso la muerte. Hay que reforzar la prevenci\u00f3n y ser m\u00e1s estrictos con las sanciones\u201d, subray\u00f3.<\/p>\n<\/blockquote>\n\n\n\n<hr class=\"wp-block-separator has-alpha-channel-opacity\"\/>\n\n\n\n<h4 class=\"wp-block-heading\"><strong>Una tragedia que pudo ser peor<\/strong><\/h4>\n\n\n\n<p>El ataque dej\u00f3 al hombre con <strong>heridas profundas, exposici\u00f3n \u00f3sea y destrucci\u00f3n del tejido muscular<\/strong>, seg\u00fan el informe m\u00e9dico.<\/p>\n\n\n\n<blockquote class=\"wp-block-quote is-layout-flow wp-block-quote-is-layout-flow\">\n<p>\u201cSi el perro no soltaba, pod\u00eda haber sido fatal\u201d, remarc\u00f3 Castro.<\/p>\n<\/blockquote>\n\n\n\n<p>El caso qued\u00f3 en manos de la <strong>Justicia de General Pico<\/strong>, mientras la comunidad alvearense <strong>permanece conmocionada<\/strong> por la violencia del hecho.<\/p>\n","protected":false},"excerpt":{"rendered":"<p>El comisario Cristian Castro, jefe de la dependencia local, brind\u00f3 detalles sobre el violento hecho ocurrido el domingo. El perro,<\/p>\n","protected":false},"author":1,"featured_media":17438,"comment_status":"open","ping_status":"open","sticky":false,"template":"","format":"standard","meta":{"colormag_page_container_layout":"default_layout","colormag_page_sidebar_layout":"default_layout","footnotes":""},"categories":[6,56,8],"tags":[],"class_list":["post-17437","post","type-post","status-publish","format-standard","has-post-thumbnail","hentry","category-locales","category-policiales","category-ultimas-noticias"],"_links":{"self":[{"href":"https:\/\/notipampa.com\/index.php?rest_route=\/wp\/v2\/posts\/17437","targetHints":{"allow":["GET"]}}],"collection":[{"href":"https:\/\/notipampa.com\/index.php?rest_route=\/wp\/v2\/posts"}],"about":[{"href":"https:\/\/notipampa.com\/index.php?rest_route=\/wp\/v2\/types\/post"}],"author":[{"embeddable":true,"href":"https:\/\/notipampa.com\/index.php?rest_route=\/wp\/v2\/users\/1"}],"replies":[{"embeddable":true,"href":"https:\/\/notipampa.com\/index.php?rest_route=%2Fwp%2Fv2%2Fcomments&post=17437"}],"version-history":[{"count":1,"href":"https:\/\/notipampa.com\/index.php?rest_route=\/wp\/v2\/posts\/17437\/revisions"}],"predecessor-version":[{"id":17439,"href":"https:\/\/notipampa.com\/index.php?rest_route=\/wp\/v2\/posts\/17437\/revisions\/17439"}],"wp:featuredmedia":[{"embeddable":true,"href":"https:\/\/notipampa.com\/index.php?rest_route=\/wp\/v2\/media\/17438"}],"wp:attachment":[{"href":"https:\/\/notipampa.com\/index.php?rest_route=%2Fwp%2Fv2%2Fmedia&parent=17437"}],"wp:term":[{"taxonomy":"category","embeddable":true,"href":"https:\/\/notipampa.com\/index.php?rest_route=%2Fwp%2Fv2%2Fcategories&post=17437"},{"taxonomy":"post_tag","embeddable":true,"href":"https:\/\/notipampa.com\/index.php?rest_route=%2Fwp%2Fv2%2Ftags&post=17437"}],"curies":[{"name":"wp","href":"https:\/\/api.w.org\/{rel}","templated":true}]}}