{"id":17419,"date":"2025-10-14T11:49:14","date_gmt":"2025-10-14T14:49:14","guid":{"rendered":"https:\/\/notipampa.com\/?p=17419"},"modified":"2025-10-14T11:49:16","modified_gmt":"2025-10-14T14:49:16","slug":"el-galleguito-volvio-a-brillar-en-alvear-fiesta-del-futbol-infantil-en-el-predio-agustin-herrero","status":"publish","type":"post","link":"https:\/\/notipampa.com\/?p=17419","title":{"rendered":"\u201cEl Galleguito\u201d volvi\u00f3 a brillar en Alvear: fiesta del f\u00fatbol infantil en el predio Agust\u00edn Herrero"},"content":{"rendered":"\n<p>Durante el fin de semana largo, el <strong>Alvear FBC<\/strong> fue escenario de una verdadera fiesta deportiva con la realizaci\u00f3n del tradicional torneo <strong>\u201cEl Galleguito\u201d<\/strong>, que reuni\u00f3 a cientos de ni\u00f1os y ni\u00f1as de distintas localidades pampeanas.<\/p>\n\n\n\n<p>El <strong>viernes 10<\/strong> fue el turno de las <strong>categor\u00edas pares<\/strong> (2018, 2016, 2014, escuelita, sub 12 y sub 14 femenino). En el predio <strong>\u201cAgust\u00edn Herrero\u201d<\/strong>, se disputaron los partidos con la participaci\u00f3n de <strong>15 clubes<\/strong> y un total de <strong>40 equipos<\/strong>, en un ambiente cargado de alegr\u00eda, compa\u00f1erismo y pasi\u00f3n por el f\u00fatbol.<\/p>\n\n\n\n<p>Durante la inauguraci\u00f3n, la <strong>categor\u00eda 2014<\/strong> junto al <strong>departamento de f\u00fatbol infantil<\/strong> hicieron entrega a <strong>Ra\u00fal Aguilar<\/strong> de un portarretrato con im\u00e1genes de las mejoras edilicias realizadas en el predio, como homenaje a la <strong>familia Herrero-Aguilar<\/strong>, donantes de las tierras donde hoy se levanta el espacio deportivo.<\/p>\n\n\n\n<p>En esta <strong>21\u00aa edici\u00f3n<\/strong> del torneo, los campeones fueron:<br>\u26bd <strong>Categor\u00eda 2014:<\/strong> Racing Club<br>\u26bd <strong>Categor\u00eda 2016:<\/strong> Ferro de Realic\u00f3<br>\u26bd <strong>Categor\u00eda 2018:<\/strong> Sportivo Independiente<br>\u26bd <strong>Sub 12 femenino:<\/strong> Ferro de Alvear<br>\u26bd <strong>Sub 14 femenino:<\/strong> Matienzo de Ingeniero Luiggi<\/p>\n\n\n\n<p>El <strong>domingo 12<\/strong> fue el turno de las <strong>categor\u00edas impares<\/strong>, donde se consagraron:<br>\ud83c\udfc5 <strong>2013:<\/strong> Alvear FBC<br>\ud83c\udfc5 <strong>2015:<\/strong> Ferro de Realic\u00f3<br>\ud83c\udfc5 <strong>2017:<\/strong> Racing de Castex<\/p>\n\n\n\n<p>Desde el club, agradecieron especialmente a la <strong>Municipalidad de Intendente Alvear<\/strong> por su colaboraci\u00f3n con los premios, y destacaron en sus redes sociales:<\/p>\n\n\n\n<blockquote class=\"wp-block-quote is-layout-flow wp-block-quote-is-layout-flow\">\n<p>\u201c\u00a1\u00daltimo a\u00f1o de la categor\u00eda 2013 en infantiles, y se despiden campeones! Les deseamos lo mejor en esta nueva etapa que comienza, siempre con sacrificio, pasi\u00f3n y amor por estos colores \ud83d\udc99\u201d.<\/p>\n<\/blockquote>\n\n\n\n<p>Finalmente, el <strong>Alvear FBC<\/strong> expres\u00f3 su reconocimiento a <strong>profesores, jugadores, familias, clubes participantes, instituciones y auspiciantes<\/strong> por acompa\u00f1ar y hacer posible una nueva edici\u00f3n del cl\u00e1sico <strong>torneo \u201cEl Galleguito\u201d<\/strong>, que sigue creciendo a\u00f1o tras a\u00f1o.<\/p>\n\n\n\n<figure class=\"wp-block-image size-large\"><img fetchpriority=\"high\" decoding=\"async\" width=\"1024\" height=\"683\" src=\"https:\/\/notipampa.com\/wp-content\/uploads\/2025\/10\/564025689_18347091142163330_4643582554667130647_n-1024x683.jpg\" alt=\"\" class=\"wp-image-17421\" srcset=\"https:\/\/notipampa.com\/wp-content\/uploads\/2025\/10\/564025689_18347091142163330_4643582554667130647_n-1024x683.jpg 1024w, https:\/\/notipampa.com\/wp-content\/uploads\/2025\/10\/564025689_18347091142163330_4643582554667130647_n-300x200.jpg 300w, https:\/\/notipampa.com\/wp-content\/uploads\/2025\/10\/564025689_18347091142163330_4643582554667130647_n-768x512.jpg 768w, https:\/\/notipampa.com\/wp-content\/uploads\/2025\/10\/564025689_18347091142163330_4643582554667130647_n.jpg 1080w\" sizes=\"(max-width: 1024px) 100vw, 1024px\" \/><\/figure>\n","protected":false},"excerpt":{"rendered":"<p>Durante el fin de semana largo, el Alvear FBC fue escenario de una verdadera fiesta deportiva con la realizaci\u00f3n del<\/p>\n","protected":false},"author":1,"featured_media":17420,"comment_status":"open","ping_status":"open","sticky":false,"template":"","format":"standard","meta":{"colormag_page_container_layout":"default_layout","colormag_page_sidebar_layout":"default_layout","footnotes":""},"categories":[10,6,8],"tags":[],"class_list":["post-17419","post","type-post","status-publish","format-standard","has-post-thumbnail","hentry","category-sports","category-locales","category-ultimas-noticias"],"_links":{"self":[{"href":"https:\/\/notipampa.com\/index.php?rest_route=\/wp\/v2\/posts\/17419","targetHints":{"allow":["GET"]}}],"collection":[{"href":"https:\/\/notipampa.com\/index.php?rest_route=\/wp\/v2\/posts"}],"about":[{"href":"https:\/\/notipampa.com\/index.php?rest_route=\/wp\/v2\/types\/post"}],"author":[{"embeddable":true,"href":"https:\/\/notipampa.com\/index.php?rest_route=\/wp\/v2\/users\/1"}],"replies":[{"embeddable":true,"href":"https:\/\/notipampa.com\/index.php?rest_route=%2Fwp%2Fv2%2Fcomments&post=17419"}],"version-history":[{"count":1,"href":"https:\/\/notipampa.com\/index.php?rest_route=\/wp\/v2\/posts\/17419\/revisions"}],"predecessor-version":[{"id":17422,"href":"https:\/\/notipampa.com\/index.php?rest_route=\/wp\/v2\/posts\/17419\/revisions\/17422"}],"wp:featuredmedia":[{"embeddable":true,"href":"https:\/\/notipampa.com\/index.php?rest_route=\/wp\/v2\/media\/17420"}],"wp:attachment":[{"href":"https:\/\/notipampa.com\/index.php?rest_route=%2Fwp%2Fv2%2Fmedia&parent=17419"}],"wp:term":[{"taxonomy":"category","embeddable":true,"href":"https:\/\/notipampa.com\/index.php?rest_route=%2Fwp%2Fv2%2Fcategories&post=17419"},{"taxonomy":"post_tag","embeddable":true,"href":"https:\/\/notipampa.com\/index.php?rest_route=%2Fwp%2Fv2%2Ftags&post=17419"}],"curies":[{"name":"wp","href":"https:\/\/api.w.org\/{rel}","templated":true}]}}