{"id":17416,"date":"2025-10-14T08:36:19","date_gmt":"2025-10-14T11:36:19","guid":{"rendered":"https:\/\/notipampa.com\/?p=17416"},"modified":"2025-10-14T08:36:20","modified_gmt":"2025-10-14T11:36:20","slug":"utelpa-confirmo-un-paro-nacional-docente-para-hoy-y-preve-una-adhesion-superior-al-95-en-la-pampa","status":"publish","type":"post","link":"https:\/\/notipampa.com\/?p=17416","title":{"rendered":"Utelpa confirm\u00f3 un paro nacional docente para hoy y prev\u00e9 una adhesi\u00f3n superior al 95% en La Pampa"},"content":{"rendered":"\n<p>Claudia Calderon, referente de la Uni\u00f3n de Trabajadores de la Educaci\u00f3n de La Pampa (Utelpa), confirm\u00f3 en di\u00e1logo con\u00a0<strong>INFOPICO RADIO 99.9<\/strong>\u00a0la adhesi\u00f3n del gremio al paro nacional docente convocado para este martes. Se espera un alt\u00edsimo acatamiento en la provincia, impulsado principalmente por reclamos salariales y la restituci\u00f3n del Fondo Nacional de Incentivo Docente (FONID).<\/p>\n\n\n\n<p>\u201cEs un paro nacional docente en todo el pa\u00eds, convocado por nuestra central desde hace m\u00e1s de 15 d\u00edas. Se vot\u00f3 en un congreso y forma parte del plan de lucha\u201d, explic\u00f3 Calderon, subrayando que la medida no es una acci\u00f3n aislada, sino parte de una estrategia gremial m\u00e1s amplia.<\/p>\n\n\n\n<h3 class=\"wp-block-heading\">El impacto del FONID y el reclamo salarial<\/h3>\n\n\n\n<p>Uno de los ejes centrales del reclamo es la eliminaci\u00f3n del FONID por parte del gobierno nacional. Calderon destac\u00f3 la importancia econ\u00f3mica de este fondo para los educadores pampeanos. \u201cLo deja de pagar Milei. Es el primer gobierno que toma esta decisi\u00f3n de quitarlo sistem\u00e1ticamente del salario\u201d, se\u00f1al\u00f3.<\/p>\n\n\n\n<p>Para dimensionar el impacto, detall\u00f3 las cifras que los docentes dejaron de percibir.<\/p>\n\n\n\n<blockquote class=\"wp-block-quote is-layout-flow wp-block-quote-is-layout-flow\">\n<p>\u201cHoy es una suma por cargo de 110.000 o 120.000 pesos. Estamos hablando de que m\u00e1s de 200.000 pesos recuperar\u00eda un docente que tiene doble cargo o m\u00e1s de 15 horas. Es mucha plata en este contexto\u201d, afirm\u00f3.<\/p>\n<\/blockquote>\n\n\n\n<p>A nivel provincial, si bien la situaci\u00f3n es diferente a la de otras jurisdicciones, el reclamo salarial tambi\u00e9n es una prioridad. \u201cTenemos la necesidad de tener un aumento superior a la canasta b\u00e1sica, porque sabemos tambi\u00e9n que el INDEC no tiene un correlato con la vida real de las familias en general\u201d, manifest\u00f3 Calderon. En este sentido, adelant\u00f3 que Utelpa solicitar\u00e1 la reapertura de la paritaria salarial en noviembre, tal como qued\u00f3 pautado en la \u00faltima mesa de negociaci\u00f3n.<\/p>\n\n\n\n<h3 class=\"wp-block-heading\">Fuerte acatamiento y movilizaci\u00f3n a Buenos Aires<\/h3>\n\n\n\n<p>Desde el gremio estiman que la medida de fuerza tendr\u00e1 una adhesi\u00f3n masiva en la provincia.&nbsp;<strong>\u201cNosotros creemos que va a haber m\u00e1s de un 95% de acatamiento en nuestra provincia y tambi\u00e9n en todo el pa\u00eds\u201d<\/strong>, asegur\u00f3 la dirigente.<\/p>\n\n\n\n<p>Calderon compar\u00f3 la realidad pampeana con la de otras provincias como Santa Fe, donde los docentes enfrentan condiciones a\u00fan m\u00e1s complejas, como el aumento de la edad jubilatoria, la eliminaci\u00f3n del 82% m\u00f3vil, descuentos por d\u00edas de paro y paritarias cerradas por decreto. \u201cHay un ataque sistem\u00e1tico obviamente a la organizaci\u00f3n de parte del gobernador\u201d, coment\u00f3 para ilustrar la gravedad de la situaci\u00f3n a nivel nacional.<\/p>\n\n\n\n<p>Adem\u00e1s del paro, una delegaci\u00f3n de docentes pampeanos viajar\u00e1 a la Ciudad de Buenos Aires para sumarse a la movilizaci\u00f3n principal. \u201cEstamos viajando con un micro completo, porque la idea es visibilizar en Buenos Aires, en el Congreso de la Naci\u00f3n. Va a haber una marcha hasta el Palacio Pizzurno, si las condiciones de seguridad est\u00e1n dadas, para manifestarnos pac\u00edficamente\u201d, concluy\u00f3.<\/p>\n\n\n\n<p>Fuente: Infopico<\/p>\n\n\n\n<p><\/p>\n","protected":false},"excerpt":{"rendered":"<p>Claudia Calderon, referente de la Uni\u00f3n de Trabajadores de la Educaci\u00f3n de La Pampa (Utelpa), confirm\u00f3 en di\u00e1logo con\u00a0INFOPICO RADIO<\/p>\n","protected":false},"author":1,"featured_media":17417,"comment_status":"open","ping_status":"open","sticky":false,"template":"","format":"standard","meta":{"colormag_page_container_layout":"default_layout","colormag_page_sidebar_layout":"default_layout","footnotes":""},"categories":[7,4,8],"tags":[],"class_list":["post-17416","post","type-post","status-publish","format-standard","has-post-thumbnail","hentry","category-politica","category-provincia","category-ultimas-noticias"],"_links":{"self":[{"href":"https:\/\/notipampa.com\/index.php?rest_route=\/wp\/v2\/posts\/17416","targetHints":{"allow":["GET"]}}],"collection":[{"href":"https:\/\/notipampa.com\/index.php?rest_route=\/wp\/v2\/posts"}],"about":[{"href":"https:\/\/notipampa.com\/index.php?rest_route=\/wp\/v2\/types\/post"}],"author":[{"embeddable":true,"href":"https:\/\/notipampa.com\/index.php?rest_route=\/wp\/v2\/users\/1"}],"replies":[{"embeddable":true,"href":"https:\/\/notipampa.com\/index.php?rest_route=%2Fwp%2Fv2%2Fcomments&post=17416"}],"version-history":[{"count":1,"href":"https:\/\/notipampa.com\/index.php?rest_route=\/wp\/v2\/posts\/17416\/revisions"}],"predecessor-version":[{"id":17418,"href":"https:\/\/notipampa.com\/index.php?rest_route=\/wp\/v2\/posts\/17416\/revisions\/17418"}],"wp:featuredmedia":[{"embeddable":true,"href":"https:\/\/notipampa.com\/index.php?rest_route=\/wp\/v2\/media\/17417"}],"wp:attachment":[{"href":"https:\/\/notipampa.com\/index.php?rest_route=%2Fwp%2Fv2%2Fmedia&parent=17416"}],"wp:term":[{"taxonomy":"category","embeddable":true,"href":"https:\/\/notipampa.com\/index.php?rest_route=%2Fwp%2Fv2%2Fcategories&post=17416"},{"taxonomy":"post_tag","embeddable":true,"href":"https:\/\/notipampa.com\/index.php?rest_route=%2Fwp%2Fv2%2Ftags&post=17416"}],"curies":[{"name":"wp","href":"https:\/\/api.w.org\/{rel}","templated":true}]}}