{"id":17411,"date":"2025-10-14T08:33:16","date_gmt":"2025-10-14T11:33:16","guid":{"rendered":"https:\/\/notipampa.com\/?p=17411"},"modified":"2025-10-14T08:33:17","modified_gmt":"2025-10-14T11:33:17","slug":"alvear-avanza-el-proceso-de-demolicion-de-una-vivienda-del-plan-fonavi","status":"publish","type":"post","link":"https:\/\/notipampa.com\/?p=17411","title":{"rendered":"Alvear: Avanza el proceso de demolici\u00f3n de una vivienda del plan Fonavi"},"content":{"rendered":"\n<p><strong>Desde la Secretar\u00eda de Obras P\u00fablicas de la Municipalidad de Intendente Alvear informaron que comenz\u00f3 el proceso de demolici\u00f3n de una vivienda perteneciente al plan Fonavi, en la que el Instituto Provincial Aut\u00e1rquico de Vivienda (IPAV) hab\u00eda iniciado meses atr\u00e1s el tr\u00e1mite de desadjudicaci\u00f3n del propietario original.<\/strong><\/p>\n\n\n\n<p>La secretaria del \u00e1rea, Camila Rodr\u00edguez, explic\u00f3 que la vivienda presentaba un avanzado deterioro estructural, lo que hac\u00eda inviable su recuperaci\u00f3n:<\/p>\n\n\n\n<p>\u201cEra una casa que durante mucho tiempo no tuvo mantenimiento y se encontraba en muy mal estado. Reconstruirla implicaba refuerzos en la estructura, nuevo techado, mejora de mamposter\u00eda y reemplazo de aberturas, por lo que se resolvi\u00f3 incluirla en un plan destinado a viviendas sociales para personas mayores y con discapacidad\u201d.<\/p>\n\n\n\n<p>En este marco, el municipio firm\u00f3 un convenio con el IPAV para avanzar con los tr\u00e1mites legales y administrativos necesarios para la construcci\u00f3n de dos unidades habitacionales accesibles en ese mismo terreno.<\/p>\n\n\n\n<p>\u201cDesde la Secretar\u00eda de Obras P\u00fablicas vamos a realizar la demolici\u00f3n y dejar el terreno limpio, para luego comenzar con la construcci\u00f3n de las nuevas viviendas\u201d, indic\u00f3 Rodr\u00edguez.<\/p>\n\n\n\n<p>Adem\u00e1s, detall\u00f3 que el proceso se enmarca dentro de un Plan de Contingencia de Seguridad e Higiene, que incluye la direcci\u00f3n t\u00e9cnica de obra, la cobertura del seguro de los trabajadores y la capacitaci\u00f3n en el uso de equipos de protecci\u00f3n personal (EPP).<\/p>\n\n\n\n<p>El plazo de ejecuci\u00f3n de esta primera etapa, que comprende la demolici\u00f3n y los tr\u00e1mites legales, es de 90 d\u00edas. Finalizado este per\u00edodo, se iniciar\u00e1 la certificaci\u00f3n correspondiente para comenzar la nueva obra. \u201cEsta intervenci\u00f3n no solo permite optimizar el uso del espacio urbano, sino que tambi\u00e9n da respuesta a una necesidad concreta de vivienda accesible, promoviendo inclusi\u00f3n y mejor calidad de vida para nuestros vecinos\u201d, concluy\u00f3 la secretaria de Obras P\u00fablicas, Camila Rodr\u00edguez.<\/p>\n\n\n\n<figure class=\"wp-block-gallery has-nested-images columns-default is-cropped wp-block-gallery-1 is-layout-flex wp-block-gallery-is-layout-flex\">\n<figure class=\"wp-block-image size-large\"><img fetchpriority=\"high\" decoding=\"async\" width=\"461\" height=\"1024\" data-id=\"17413\" src=\"https:\/\/notipampa.com\/wp-content\/uploads\/2025\/10\/20251008_092618-461x1024.jpg\" alt=\"\" class=\"wp-image-17413\" srcset=\"https:\/\/notipampa.com\/wp-content\/uploads\/2025\/10\/20251008_092618-461x1024.jpg 461w, https:\/\/notipampa.com\/wp-content\/uploads\/2025\/10\/20251008_092618-135x300.jpg 135w, https:\/\/notipampa.com\/wp-content\/uploads\/2025\/10\/20251008_092618-768x1707.jpg 768w, https:\/\/notipampa.com\/wp-content\/uploads\/2025\/10\/20251008_092618-691x1536.jpg 691w, https:\/\/notipampa.com\/wp-content\/uploads\/2025\/10\/20251008_092618-922x2048.jpg 922w, https:\/\/notipampa.com\/wp-content\/uploads\/2025\/10\/20251008_092618-scaled.jpg 1152w\" sizes=\"(max-width: 461px) 100vw, 461px\" \/><\/figure>\n\n\n\n<figure class=\"wp-block-image size-large\"><img decoding=\"async\" width=\"461\" height=\"1024\" data-id=\"17414\" src=\"https:\/\/notipampa.com\/wp-content\/uploads\/2025\/10\/20251008_092609-461x1024.jpg\" alt=\"\" class=\"wp-image-17414\" srcset=\"https:\/\/notipampa.com\/wp-content\/uploads\/2025\/10\/20251008_092609-461x1024.jpg 461w, https:\/\/notipampa.com\/wp-content\/uploads\/2025\/10\/20251008_092609-135x300.jpg 135w, https:\/\/notipampa.com\/wp-content\/uploads\/2025\/10\/20251008_092609-768x1707.jpg 768w, https:\/\/notipampa.com\/wp-content\/uploads\/2025\/10\/20251008_092609-691x1536.jpg 691w, https:\/\/notipampa.com\/wp-content\/uploads\/2025\/10\/20251008_092609-922x2048.jpg 922w, https:\/\/notipampa.com\/wp-content\/uploads\/2025\/10\/20251008_092609-scaled.jpg 1152w\" sizes=\"(max-width: 461px) 100vw, 461px\" \/><\/figure>\n<\/figure>\n","protected":false},"excerpt":{"rendered":"<p>Desde la Secretar\u00eda de Obras P\u00fablicas de la Municipalidad de Intendente Alvear informaron que comenz\u00f3 el proceso de demolici\u00f3n de<\/p>\n","protected":false},"author":1,"featured_media":17412,"comment_status":"open","ping_status":"open","sticky":false,"template":"","format":"standard","meta":{"colormag_page_container_layout":"default_layout","colormag_page_sidebar_layout":"default_layout","footnotes":""},"categories":[6,7,8],"tags":[],"class_list":["post-17411","post","type-post","status-publish","format-standard","has-post-thumbnail","hentry","category-locales","category-politica","category-ultimas-noticias"],"_links":{"self":[{"href":"https:\/\/notipampa.com\/index.php?rest_route=\/wp\/v2\/posts\/17411","targetHints":{"allow":["GET"]}}],"collection":[{"href":"https:\/\/notipampa.com\/index.php?rest_route=\/wp\/v2\/posts"}],"about":[{"href":"https:\/\/notipampa.com\/index.php?rest_route=\/wp\/v2\/types\/post"}],"author":[{"embeddable":true,"href":"https:\/\/notipampa.com\/index.php?rest_route=\/wp\/v2\/users\/1"}],"replies":[{"embeddable":true,"href":"https:\/\/notipampa.com\/index.php?rest_route=%2Fwp%2Fv2%2Fcomments&post=17411"}],"version-history":[{"count":1,"href":"https:\/\/notipampa.com\/index.php?rest_route=\/wp\/v2\/posts\/17411\/revisions"}],"predecessor-version":[{"id":17415,"href":"https:\/\/notipampa.com\/index.php?rest_route=\/wp\/v2\/posts\/17411\/revisions\/17415"}],"wp:featuredmedia":[{"embeddable":true,"href":"https:\/\/notipampa.com\/index.php?rest_route=\/wp\/v2\/media\/17412"}],"wp:attachment":[{"href":"https:\/\/notipampa.com\/index.php?rest_route=%2Fwp%2Fv2%2Fmedia&parent=17411"}],"wp:term":[{"taxonomy":"category","embeddable":true,"href":"https:\/\/notipampa.com\/index.php?rest_route=%2Fwp%2Fv2%2Fcategories&post=17411"},{"taxonomy":"post_tag","embeddable":true,"href":"https:\/\/notipampa.com\/index.php?rest_route=%2Fwp%2Fv2%2Ftags&post=17411"}],"curies":[{"name":"wp","href":"https:\/\/api.w.org\/{rel}","templated":true}]}}