{"id":17269,"date":"2025-09-29T12:14:22","date_gmt":"2025-09-29T15:14:22","guid":{"rendered":"https:\/\/notipampa.com\/?p=17269"},"modified":"2025-09-29T12:14:24","modified_gmt":"2025-09-29T15:14:24","slug":"bomberos-de-intendente-alvear-intervinieron-en-incendio-de-un-vehiculo-en-ruta-1","status":"publish","type":"post","link":"https:\/\/notipampa.com\/?p=17269","title":{"rendered":"Bomberos de Intendente Alvear intervinieron en incendio de un veh\u00edculo en Ruta 1"},"content":{"rendered":"\n<p>En la madrugada del domingo, los Bomberos Voluntarios de Intendente Alvear fueron convocados por el cuartel de General Pico debido al incendio de un autom\u00f3vil en cercan\u00edas de la jurisdicci\u00f3n local, sobre <strong>Ruta Provincial N\u00b01, kil\u00f3metro 45<\/strong>, a unos 500 metros de la curva del Bellaco.<\/p>\n\n\n\n<p>Al lugar acudieron dos dotaciones: el <strong>m\u00f3vil 13<\/strong>, a cargo del Oficial Ayudante Nicol\u00e1s Moreno y el 2\u00b0 Jefe Alejandro Correa, y el <strong>m\u00f3vil 11<\/strong>, conducido por el Oficial Ayudante Gast\u00f3n Capozzi y el Sargento Mart\u00edn Guillemet.<\/p>\n\n\n\n<p>Al arribar, constataron que el fuego afectaba en su totalidad a un <strong>Chevrolet Corsa Classic<\/strong>, propiedad de un vecino de la localidad. Para sofocar las llamas, se trabaj\u00f3 con una l\u00ednea de ataque de agua a presi\u00f3n, tarea en la que participaron el Sargento Ricardo Trecco y la bombera Romina Mi\u00f1o.<\/p>\n\n\n\n<p>El servicio finaliz\u00f3 alrededor de las 7:20 horas.<br>Desde el cuartel destacaron adem\u00e1s la colaboraci\u00f3n del personal policial, a cargo del Comisario Cristian Castro, quien brind\u00f3 seguridad en el lugar ya que el veh\u00edculo se encontraba sobre la cinta asf\u00e1ltica.<\/p>\n\n\n\n<figure class=\"wp-block-gallery has-nested-images columns-default is-cropped wp-block-gallery-1 is-layout-flex wp-block-gallery-is-layout-flex\">\n<figure class=\"wp-block-image size-large\"><img fetchpriority=\"high\" decoding=\"async\" width=\"1024\" height=\"472\" data-id=\"17271\" src=\"https:\/\/notipampa.com\/wp-content\/uploads\/2025\/09\/WhatsApp-Image-2025-09-28-at-10.33.55-1-1024x472.jpeg\" alt=\"\" class=\"wp-image-17271\" srcset=\"https:\/\/notipampa.com\/wp-content\/uploads\/2025\/09\/WhatsApp-Image-2025-09-28-at-10.33.55-1-1024x472.jpeg 1024w, https:\/\/notipampa.com\/wp-content\/uploads\/2025\/09\/WhatsApp-Image-2025-09-28-at-10.33.55-1-300x138.jpeg 300w, https:\/\/notipampa.com\/wp-content\/uploads\/2025\/09\/WhatsApp-Image-2025-09-28-at-10.33.55-1-768x354.jpeg 768w, https:\/\/notipampa.com\/wp-content\/uploads\/2025\/09\/WhatsApp-Image-2025-09-28-at-10.33.55-1-1536x708.jpeg 1536w, https:\/\/notipampa.com\/wp-content\/uploads\/2025\/09\/WhatsApp-Image-2025-09-28-at-10.33.55-1.jpeg 1600w\" sizes=\"(max-width: 1024px) 100vw, 1024px\" \/><\/figure>\n\n\n\n<figure class=\"wp-block-image size-large\"><img decoding=\"async\" width=\"472\" height=\"1024\" data-id=\"17273\" src=\"https:\/\/notipampa.com\/wp-content\/uploads\/2025\/09\/WhatsApp-Image-2025-09-28-at-10.33.56-1-472x1024.jpeg\" alt=\"\" class=\"wp-image-17273\" srcset=\"https:\/\/notipampa.com\/wp-content\/uploads\/2025\/09\/WhatsApp-Image-2025-09-28-at-10.33.56-1-472x1024.jpeg 472w, https:\/\/notipampa.com\/wp-content\/uploads\/2025\/09\/WhatsApp-Image-2025-09-28-at-10.33.56-1-138x300.jpeg 138w, https:\/\/notipampa.com\/wp-content\/uploads\/2025\/09\/WhatsApp-Image-2025-09-28-at-10.33.56-1-708x1536.jpeg 708w, https:\/\/notipampa.com\/wp-content\/uploads\/2025\/09\/WhatsApp-Image-2025-09-28-at-10.33.56-1.jpeg 738w\" sizes=\"(max-width: 472px) 100vw, 472px\" \/><\/figure>\n<\/figure>\n","protected":false},"excerpt":{"rendered":"<p>En la madrugada del domingo, los Bomberos Voluntarios de Intendente Alvear fueron convocados por el cuartel de General Pico debido<\/p>\n","protected":false},"author":1,"featured_media":17270,"comment_status":"open","ping_status":"open","sticky":false,"template":"","format":"standard","meta":{"colormag_page_container_layout":"default_layout","colormag_page_sidebar_layout":"default_layout","footnotes":""},"categories":[6,8],"tags":[],"class_list":["post-17269","post","type-post","status-publish","format-standard","has-post-thumbnail","hentry","category-locales","category-ultimas-noticias"],"_links":{"self":[{"href":"https:\/\/notipampa.com\/index.php?rest_route=\/wp\/v2\/posts\/17269","targetHints":{"allow":["GET"]}}],"collection":[{"href":"https:\/\/notipampa.com\/index.php?rest_route=\/wp\/v2\/posts"}],"about":[{"href":"https:\/\/notipampa.com\/index.php?rest_route=\/wp\/v2\/types\/post"}],"author":[{"embeddable":true,"href":"https:\/\/notipampa.com\/index.php?rest_route=\/wp\/v2\/users\/1"}],"replies":[{"embeddable":true,"href":"https:\/\/notipampa.com\/index.php?rest_route=%2Fwp%2Fv2%2Fcomments&post=17269"}],"version-history":[{"count":1,"href":"https:\/\/notipampa.com\/index.php?rest_route=\/wp\/v2\/posts\/17269\/revisions"}],"predecessor-version":[{"id":17274,"href":"https:\/\/notipampa.com\/index.php?rest_route=\/wp\/v2\/posts\/17269\/revisions\/17274"}],"wp:featuredmedia":[{"embeddable":true,"href":"https:\/\/notipampa.com\/index.php?rest_route=\/wp\/v2\/media\/17270"}],"wp:attachment":[{"href":"https:\/\/notipampa.com\/index.php?rest_route=%2Fwp%2Fv2%2Fmedia&parent=17269"}],"wp:term":[{"taxonomy":"category","embeddable":true,"href":"https:\/\/notipampa.com\/index.php?rest_route=%2Fwp%2Fv2%2Fcategories&post=17269"},{"taxonomy":"post_tag","embeddable":true,"href":"https:\/\/notipampa.com\/index.php?rest_route=%2Fwp%2Fv2%2Ftags&post=17269"}],"curies":[{"name":"wp","href":"https:\/\/api.w.org\/{rel}","templated":true}]}}