{"id":17266,"date":"2025-09-29T11:23:08","date_gmt":"2025-09-29T14:23:08","guid":{"rendered":"https:\/\/notipampa.com\/?p=17266"},"modified":"2025-09-29T11:23:09","modified_gmt":"2025-09-29T14:23:09","slug":"alvear-informe-sobre-la-sesion-ordinaria-del-concejo-deliberante-40","status":"publish","type":"post","link":"https:\/\/notipampa.com\/?p=17266","title":{"rendered":"Alvear: Informe sobre la Sesi\u00f3n Ordinaria del Concejo Deliberante"},"content":{"rendered":"\n<p><a href=\"https:\/\/notipampa.com\/?p=17189\"><\/a><\/p>\n\n\n\n<p><strong>El d\u00eda jueves 25 de septiembre de 2025, se reuni\u00f3 en Sesi\u00f3n Ordinaria del Concejo Deliberante de Intendente Alvear, presidido por el Presidente Fernando Luis Aznarez, y con la presencia de Mar\u00eda Cristina Mart\u00edn, Jorge Daniel Gette, Anabella Luj\u00e1n Ben\u00edtez y Roxana Vanesa Tripaldi por el bloque de Juntos por el Cambio, y Horacio Antonio Elorriaga, Ana Claudia Rodr\u00edguez y Jonatan Alexis Mujica por el bloque Fre.Ju.Pa.<\/strong><br>El Presidente Fernando Luis Aznarez inicia la sesi\u00f3n, dando lectura al Orden del d\u00eda, cuyos puntos se trataron de la siguiente manera:<br><strong>Punto 1:<\/strong> Lectura y aprobaci\u00f3n del Acta N\u00b0 21. Se dio lectura por Secretar\u00eda y se aprob\u00f3 por unanimidad.<br><strong>Punto 2:<\/strong> Expediente No 076\/2025. CD. OR. Proyecto de Ordenanza \u201cS\/ Exenci\u00f3n de Tasas Municipales para personas con Discapacidad (CUD) presentado por el bloque Frente Justicialista Pampeano\u201d. Se dio lectura por Secretar\u00eda de la nota de elevaci\u00f3n y del proyecto. Luego de la explicaci\u00f3n del proyecto, por unanimidad se pas\u00f3 a Cuarto Intermedio, para su trabajo en Comisi\u00f3n.<br><strong>Punto 3:<\/strong> Expediente No 077\/2025. DEM. OR. Proyecto de Ordenanza \u201cS\/ Autorizando al Departamento Ejecutivo a Inscribir, Desafectar y Transferir al Aero Club Intendente Alvear el inmueble designado catastralmente como Ejido 015, Circunscripci\u00f3n IV, Chacra 3, Parcela 8, Partida No 697056\u201d. Se dio lectura por Secretar\u00eda de la nota de elevaci\u00f3n y del proyecto. Luego del an\u00e1lisis de la documentaci\u00f3n presentada, se aprueba por unanimidad.<br><strong>Punto 4:<\/strong> Correspondencia. Ingres\u00f3 por correspondencia:<br>\uf02d Nota de la familia del Sr. Eduardo Pepa, en agradecimiento al Concejo Deliberante por el reconocimiento a su trayectoria, y el acompa\u00f1amiento y trato respetuoso por parte de los concejales.<br>\uf02d Nota de los vecinos Luciana Giacardi y Luciano Betanzo, expresando su preocupaci\u00f3n sobre el manejo irresponsable de sustancias toxicas y letales dentro de la zona urbana y alrededores de la localidad, siendo estas de gran peligro para animales dom\u00e9sticos y habitantes del pueblo. Solicitando adem\u00e1s la aprobaci\u00f3n de normativa que regule tal situaci\u00f3n.<\/p>\n\n\n\n<p><strong>Secretar\u00eda del Concejo Deliberante de la Municipalidad de Intendente Alvear<\/strong><\/p>\n","protected":false},"excerpt":{"rendered":"<p>El d\u00eda jueves 25 de septiembre de 2025, se reuni\u00f3 en Sesi\u00f3n Ordinaria del Concejo Deliberante de Intendente Alvear, presidido<\/p>\n","protected":false},"author":1,"featured_media":17267,"comment_status":"open","ping_status":"open","sticky":false,"template":"","format":"standard","meta":{"colormag_page_container_layout":"default_layout","colormag_page_sidebar_layout":"default_layout","footnotes":""},"categories":[6,7,8],"tags":[],"class_list":["post-17266","post","type-post","status-publish","format-standard","has-post-thumbnail","hentry","category-locales","category-politica","category-ultimas-noticias"],"_links":{"self":[{"href":"https:\/\/notipampa.com\/index.php?rest_route=\/wp\/v2\/posts\/17266","targetHints":{"allow":["GET"]}}],"collection":[{"href":"https:\/\/notipampa.com\/index.php?rest_route=\/wp\/v2\/posts"}],"about":[{"href":"https:\/\/notipampa.com\/index.php?rest_route=\/wp\/v2\/types\/post"}],"author":[{"embeddable":true,"href":"https:\/\/notipampa.com\/index.php?rest_route=\/wp\/v2\/users\/1"}],"replies":[{"embeddable":true,"href":"https:\/\/notipampa.com\/index.php?rest_route=%2Fwp%2Fv2%2Fcomments&post=17266"}],"version-history":[{"count":1,"href":"https:\/\/notipampa.com\/index.php?rest_route=\/wp\/v2\/posts\/17266\/revisions"}],"predecessor-version":[{"id":17268,"href":"https:\/\/notipampa.com\/index.php?rest_route=\/wp\/v2\/posts\/17266\/revisions\/17268"}],"wp:featuredmedia":[{"embeddable":true,"href":"https:\/\/notipampa.com\/index.php?rest_route=\/wp\/v2\/media\/17267"}],"wp:attachment":[{"href":"https:\/\/notipampa.com\/index.php?rest_route=%2Fwp%2Fv2%2Fmedia&parent=17266"}],"wp:term":[{"taxonomy":"category","embeddable":true,"href":"https:\/\/notipampa.com\/index.php?rest_route=%2Fwp%2Fv2%2Fcategories&post=17266"},{"taxonomy":"post_tag","embeddable":true,"href":"https:\/\/notipampa.com\/index.php?rest_route=%2Fwp%2Fv2%2Ftags&post=17266"}],"curies":[{"name":"wp","href":"https:\/\/api.w.org\/{rel}","templated":true}]}}