{"id":17262,"date":"2025-09-29T11:14:53","date_gmt":"2025-09-29T14:14:53","guid":{"rendered":"https:\/\/notipampa.com\/?p=17262"},"modified":"2025-09-29T11:14:54","modified_gmt":"2025-09-29T14:14:54","slug":"alumnos-alvearenses-participaron-de-aprender-a-gobernar-2025-y-lograron-el-proyecto-ganador-provincial","status":"publish","type":"post","link":"https:\/\/notipampa.com\/?p=17262","title":{"rendered":"Alumnos alvearenses participaron de Aprender a Gobernar 2025 y lograron el proyecto ganador provincial"},"content":{"rendered":"\n<p><strong>La Municipalidad de Intendente Alvear acompa\u00f1\u00f3 a los estudiantes locales que participaron en la edici\u00f3n 2025 del programa Aprender a Gobernar, realizada en la ciudad de Toay. Nuestros j\u00f3venes presentaron m\u00e1s de 12 proyectos de inter\u00e9s p\u00fablico, con propuestas que reflejan el compromiso, la creatividad y la mirada innovadora de las nuevas generaciones.<\/strong><\/p>\n\n\n\n<p>El proyecto ganador provincial fue \u201cEducar con Movimiento: Inclusi\u00f3n y Autismo en la Educaci\u00f3n F\u00edsica\u201d, presentado por estudiantes del Instituto Heguy de la Sagrada Familia. La iniciativa, impulsada por Alma L\u00f3pez Aldecoa y Julieta Azat, bajo la coordinaci\u00f3n de la profesora Mariana Pepa, propone capacitar a 20 docentes de Educaci\u00f3n F\u00edsica de Intendente Alvear y la regi\u00f3n en estrategias pedag\u00f3gicas y motrices inclusivas para trabajar con estudiantes con Trastorno del Espectro Autista (TEA) y dificultades sensoriales.<\/p>\n\n\n\n<p>El proyecto contempla jornadas presenciales, talleres pr\u00e1cticos, capacitaciones virtuales, entrega de materiales accesibles y la conformaci\u00f3n de una red de acompa\u00f1amiento docente, con el fin de favorecer una inclusi\u00f3n real y efectiva en el \u00e1mbito educativo.<\/p>\n\n\n\n<p>Adem\u00e1s, se presentaron otras propuestas con gran impacto comunitario, como:<\/p>\n\n\n\n<ul class=\"wp-block-list\">\n<li>Instalaci\u00f3n de Ecopuntos en espacios p\u00fablicos.<\/li>\n\n\n\n<li>Creaci\u00f3n de un sistema de bicicletas p\u00fablicas de uso temporal y accesible.<\/li>\n\n\n\n<li>Adquisici\u00f3n de material l\u00fadico-deportivo adaptado para alumnos con TEA o dificultades de aprendizaje.<\/li>\n<\/ul>\n\n\n\n<p>La intendenta municipal Agustina Garc\u00eda junto a autoridades locales entregaron certificados de reconocimiento a todos los participantes y destacaron el valor de cada iniciativa, que pone en agenda necesidades y soluciones para el desarrollo de la localidad. En nombre del municipio, felicitamos a los alumnos de la EPET N\u00ba 7, el Colegio Alicia Moreau de Justo y el Instituto Heguy de la Sagrada Familia por su compromiso y el excelente desempe\u00f1o demostrado en este certamen provincial.<\/p>\n\n\n\n<figure class=\"wp-block-image size-large\"><img fetchpriority=\"high\" decoding=\"async\" width=\"1024\" height=\"540\" src=\"https:\/\/notipampa.com\/wp-content\/uploads\/2025\/09\/20250926_101141-1024x540.jpg\" alt=\"\" class=\"wp-image-17264\" srcset=\"https:\/\/notipampa.com\/wp-content\/uploads\/2025\/09\/20250926_101141-1024x540.jpg 1024w, https:\/\/notipampa.com\/wp-content\/uploads\/2025\/09\/20250926_101141-300x158.jpg 300w, https:\/\/notipampa.com\/wp-content\/uploads\/2025\/09\/20250926_101141-768x405.jpg 768w, https:\/\/notipampa.com\/wp-content\/uploads\/2025\/09\/20250926_101141-1536x811.jpg 1536w, https:\/\/notipampa.com\/wp-content\/uploads\/2025\/09\/20250926_101141-2048x1081.jpg 2048w, https:\/\/notipampa.com\/wp-content\/uploads\/2025\/09\/20250926_101141-390x205.jpg 390w\" sizes=\"(max-width: 1024px) 100vw, 1024px\" \/><\/figure>\n","protected":false},"excerpt":{"rendered":"<p>La Municipalidad de Intendente Alvear acompa\u00f1\u00f3 a los estudiantes locales que participaron en la edici\u00f3n 2025 del programa Aprender a<\/p>\n","protected":false},"author":1,"featured_media":17263,"comment_status":"open","ping_status":"open","sticky":false,"template":"","format":"standard","meta":{"colormag_page_container_layout":"default_layout","colormag_page_sidebar_layout":"default_layout","footnotes":""},"categories":[6,7,8],"tags":[],"class_list":["post-17262","post","type-post","status-publish","format-standard","has-post-thumbnail","hentry","category-locales","category-politica","category-ultimas-noticias"],"_links":{"self":[{"href":"https:\/\/notipampa.com\/index.php?rest_route=\/wp\/v2\/posts\/17262","targetHints":{"allow":["GET"]}}],"collection":[{"href":"https:\/\/notipampa.com\/index.php?rest_route=\/wp\/v2\/posts"}],"about":[{"href":"https:\/\/notipampa.com\/index.php?rest_route=\/wp\/v2\/types\/post"}],"author":[{"embeddable":true,"href":"https:\/\/notipampa.com\/index.php?rest_route=\/wp\/v2\/users\/1"}],"replies":[{"embeddable":true,"href":"https:\/\/notipampa.com\/index.php?rest_route=%2Fwp%2Fv2%2Fcomments&post=17262"}],"version-history":[{"count":1,"href":"https:\/\/notipampa.com\/index.php?rest_route=\/wp\/v2\/posts\/17262\/revisions"}],"predecessor-version":[{"id":17265,"href":"https:\/\/notipampa.com\/index.php?rest_route=\/wp\/v2\/posts\/17262\/revisions\/17265"}],"wp:featuredmedia":[{"embeddable":true,"href":"https:\/\/notipampa.com\/index.php?rest_route=\/wp\/v2\/media\/17263"}],"wp:attachment":[{"href":"https:\/\/notipampa.com\/index.php?rest_route=%2Fwp%2Fv2%2Fmedia&parent=17262"}],"wp:term":[{"taxonomy":"category","embeddable":true,"href":"https:\/\/notipampa.com\/index.php?rest_route=%2Fwp%2Fv2%2Fcategories&post=17262"},{"taxonomy":"post_tag","embeddable":true,"href":"https:\/\/notipampa.com\/index.php?rest_route=%2Fwp%2Fv2%2Ftags&post=17262"}],"curies":[{"name":"wp","href":"https:\/\/api.w.org\/{rel}","templated":true}]}}