{"id":17189,"date":"2025-09-15T11:36:07","date_gmt":"2025-09-15T14:36:07","guid":{"rendered":"https:\/\/notipampa.com\/?p=17189"},"modified":"2025-09-15T11:36:08","modified_gmt":"2025-09-15T14:36:08","slug":"alvear-informe-sobre-la-sesion-ordinaria-del-concejo-deliberante-39","status":"publish","type":"post","link":"https:\/\/notipampa.com\/?p=17189","title":{"rendered":"Alvear: Informe sobre la Sesi\u00f3n Ordinaria del Concejo Deliberante"},"content":{"rendered":"\n<p><strong>El d\u00eda jueves 11 de septiembre de 2025, se reuni\u00f3 en Sesi\u00f3n Ordinaria del Concejo Deliberante de Intendente Alvear, presidido por el Presidente Fernando Luis Aznarez, y con la presencia de Mar\u00eda Cristina Mart\u00edn, Jorge Daniel Gette y Anabella Luj\u00e1n Ben\u00edtez por el bloque de Juntos por el Cambio, y Ana Claudia Rodr\u00edguez y Jonatan Alexis Mujica por el bloque Fre.Ju.Pa. Los concejales Roxana Vanesa Tripaldi y Horacio Antonio Elorriaga ausentes con aviso.<\/strong><br>El Presidente Fernando Luis Aznarez inicia la sesi\u00f3n, dando lectura al Orden del d\u00eda, cuyos puntos se trataron de la siguiente manera:<br><strong>Punto 1:<\/strong> Lectura y aprobaci\u00f3n del Acta No 19 y N\u00b0 20. Se dio lectura por Secretar\u00eda y se aprobaron por unanimidad.<br><strong>Punto 2:<\/strong> Expediente No 069\/2025. DEM. N. Nota de la Secretar\u00eda de Hacienda y Finanzas ingreso Rendiciones mensuales mes de Junio 2025, compuesta de 4 libros. Libro 1) folios 000001 a 000424, Libro 2) Folios 000425 a 001011, Libro 3), Folios 001012 a 001633 y Libro 4) Folios 001634 a 002039. Se dio lectura por Secretar\u00eda y se ingresaron al Concejo Deliberante para su posterior revisi\u00f3n.<br><strong>Punto 3:<\/strong> Expediente No 070\/2025 DEM. N. Nota del Secretario de Hacienda y Finanzas sobre observaciones realizadas a Rendiciones meses de Enero 2025 y Marzo 2025. Se dio lectura por Secretar\u00eda de la nota. Luego de controlar las observaciones, se pusieron a consideraci\u00f3n las Rendiciones Mensuales de Diciembre 2024, Enero 2025, Febrero 2025 y Marzo 2025, aprob\u00e1ndose las mismas por unanimidad.<br><strong>Punto 4:<\/strong> Expediente No 071\/2025 DEM. OR. Proyecto de Ordenanza \u201cS\/ Otorgando autorizaci\u00f3n para subdivisi\u00f3n sobre el inmueble denominado catastralmente como ejido 015, Circunscripci\u00f3n V, chacra 005, Parcela 01, No de Partida 574.914 propiedad de los Sres. Juan Alberto Garzar\u00f3n y Mar\u00eda Cecilia Baigorria\u201d. Se dio lectura por Secretar\u00eda de la nota de elevaci\u00f3n y del proyecto. Luego del an\u00e1lisis de la documentaci\u00f3n presentada, se aprob\u00f3 por unanimidad.<\/p>\n\n\n\n<p><strong>Punto 5: <\/strong>Expediente No072\/2025 DEM.OR. Proyecto de Ordenanza \u201cS\/Otorgando autorizaci\u00f3n para subdivisi\u00f3n sobre el inmueble denominado catastralmente como Ejido 015, circunscripci\u00f3n IV, Chara 009, Parcela 08, No de Partida 829. 639 propiedad del Sr. Laragueta Manuel Bernardo y\/o Larragueta y Villoria\u201d. Se dio lectura por Secretar\u00eda de la nota de elevaci\u00f3n y del proyecto. Luego del an\u00e1lisis de la documentaci\u00f3n presentada, se aprob\u00f3 por unanimidad.<br><strong>Punto 6:<\/strong> Expediente No 073\/2025 CD.OR Proyecto de Ordenanza \u201cS\/ Modificando art\u00edculos 21, 25 y 36 de la Ordenanza \u201cS\/ Regulando organizaci\u00f3n, funcionamiento, control, requisitos y condiciones que deber\u00e1n cumplir los lugares destinados a ofrecer espect\u00e1culos p\u00fablicos en el ejido municipal de Intendente Alvear\u201d presentado por el Bloque Frente Justicialista Pampeano\u201d. Se dio lectura por Secretar\u00eda de la nota de elevaci\u00f3n y del proyecto. Luego de la explicaci\u00f3n del proyecto, por unanimidad de pas\u00f3 a Cuarto Intermedio, para su trabajo en Comisi\u00f3n.<br><strong>Punto 7:<\/strong> Correspondencia. Ingres\u00f3 por correspondencia:<br>\uf02d Invitaci\u00f3n de la Municipalidad de Intendente Alvear, al acto central en conmemoraci\u00f3n del D\u00eda del Maestro, a realizarse el d\u00eda mi\u00e9rcoles 10 de septiembre, a las 10:30 horas, frente al busto de Domingo F. Sarmiento, sobre avenida Sarmiento, entre calles Pellegrini y Gral. Roca.<br>\uf02d Nota del concejal Horacio Elorriaga informando su ausencia en la sesi\u00f3n por estar fuera de la localidad desde el d\u00eda 7 al 13 del corriente mes.<br>\uf02d Nota de la concejal Roxana Tripaldi informando su ausencia en la sesi\u00f3n por asuntos personales.<br>\uf02d Nota del Bloque Fre.Ju.Pa. poniendo en conocimiento a los concejales del incumplimiento de la ordenanza de Nocturnidad, en referencia a la edad permitida para asistir a Matin\u00e9, en el marco de la Fiesta del Estudiante 2025, organizada desde el municipio.<br>\uf02d Nota de la Srta. Sof\u00eda Dellacasa Reid, expresando su preocupaci\u00f3n por la presencia de perros sueltos y los riesgos que esto representa, y solicitando se tomen medidas concretas, urgentes y sostenidas.<\/p>\n\n\n\n<p>\uf02d Nota de la Intendente Mar\u00eda Agustina Garc\u00eda invitando a los concejales, mediante su colaboraci\u00f3n y participaci\u00f3n, en las actividades organizadas en el marco del Festival Primavera 2025, seg\u00fan cronograma de jornadas.<br>\uf02d Nota del Secretario de Hacienda u Finanzas, CPN Gabriel Gette Birolo, informando al Concejo Deliberante sobre el nuevo \u00edndice de actualizaci\u00f3n de tasas municipales, para el cuarto trimestre de 2025, seg\u00fan Ordenanza Tarifaria N\u00b0 056\/2024.<br>\uf02d Nota de los vecinos Melina Severino y Juli\u00e1n Soriano, solicitando al Concejo Deliberante copias de normativas referidas al Ordenamiento urbano de la localidad.<\/p>\n\n\n\n<p><strong>Secretar\u00eda del Concejo Deliberante de la Municipalidad de Intendente Alvear<\/strong><a href=\"https:\/\/notipampa.com\/?p=17017\"><\/a><\/p>\n","protected":false},"excerpt":{"rendered":"<p>El d\u00eda jueves 11 de septiembre de 2025, se reuni\u00f3 en Sesi\u00f3n Ordinaria del Concejo Deliberante de Intendente Alvear, presidido<\/p>\n","protected":false},"author":1,"featured_media":17190,"comment_status":"open","ping_status":"open","sticky":false,"template":"","format":"standard","meta":{"colormag_page_container_layout":"default_layout","colormag_page_sidebar_layout":"default_layout","footnotes":""},"categories":[6,7,8],"tags":[],"class_list":["post-17189","post","type-post","status-publish","format-standard","has-post-thumbnail","hentry","category-locales","category-politica","category-ultimas-noticias"],"_links":{"self":[{"href":"https:\/\/notipampa.com\/index.php?rest_route=\/wp\/v2\/posts\/17189","targetHints":{"allow":["GET"]}}],"collection":[{"href":"https:\/\/notipampa.com\/index.php?rest_route=\/wp\/v2\/posts"}],"about":[{"href":"https:\/\/notipampa.com\/index.php?rest_route=\/wp\/v2\/types\/post"}],"author":[{"embeddable":true,"href":"https:\/\/notipampa.com\/index.php?rest_route=\/wp\/v2\/users\/1"}],"replies":[{"embeddable":true,"href":"https:\/\/notipampa.com\/index.php?rest_route=%2Fwp%2Fv2%2Fcomments&post=17189"}],"version-history":[{"count":1,"href":"https:\/\/notipampa.com\/index.php?rest_route=\/wp\/v2\/posts\/17189\/revisions"}],"predecessor-version":[{"id":17191,"href":"https:\/\/notipampa.com\/index.php?rest_route=\/wp\/v2\/posts\/17189\/revisions\/17191"}],"wp:featuredmedia":[{"embeddable":true,"href":"https:\/\/notipampa.com\/index.php?rest_route=\/wp\/v2\/media\/17190"}],"wp:attachment":[{"href":"https:\/\/notipampa.com\/index.php?rest_route=%2Fwp%2Fv2%2Fmedia&parent=17189"}],"wp:term":[{"taxonomy":"category","embeddable":true,"href":"https:\/\/notipampa.com\/index.php?rest_route=%2Fwp%2Fv2%2Fcategories&post=17189"},{"taxonomy":"post_tag","embeddable":true,"href":"https:\/\/notipampa.com\/index.php?rest_route=%2Fwp%2Fv2%2Ftags&post=17189"}],"curies":[{"name":"wp","href":"https:\/\/api.w.org\/{rel}","templated":true}]}}