{"id":17184,"date":"2025-09-15T11:27:45","date_gmt":"2025-09-15T14:27:45","guid":{"rendered":"https:\/\/notipampa.com\/?p=17184"},"modified":"2025-09-15T11:27:47","modified_gmt":"2025-09-15T14:27:47","slug":"gran-inicio-del-festival-primavera-alvear-2025-con-la-pintada-de-murales","status":"publish","type":"post","link":"https:\/\/notipampa.com\/?p=17184","title":{"rendered":"Gran inicio del Festival Primavera Alvear 2025 con la pintada de murales"},"content":{"rendered":"\n<p><strong>El Festival Primavera Alvear 2025 comenz\u00f3 este fin de semana con una de las propuestas m\u00e1s esperadas: la pintada de murales, que convoc\u00f3 a estudiantes de todos los cursos de los establecimientos secundarios de la localidad, desde 1\u00ba a 6\u00ba a\u00f1o.<\/strong><\/p>\n\n\n\n<p>La tem\u00e1tica elegida este a\u00f1o fue \u201cDeportes\u201d, ofreciendo a los j\u00f3venes la posibilidad de plasmar, a trav\u00e9s de ilustraciones, dibujos y colores, escenas vinculadas a la pr\u00e1ctica deportiva: desde disciplinas que se realizan en la localidad y competencias mundiales, hasta s\u00edmbolos como los aros ol\u00edmpicos y representaciones de deportes integrados.<\/p>\n\n\n\n<p>La jornada, que se desarroll\u00f3 desde las 13 horas en los alrededores del Alvear Football Club, super\u00f3 ampliamente las expectativas de participaci\u00f3n y p\u00fablico presente, consolid\u00e1ndose como una de las actividades m\u00e1s convocantes. Cabe recordar que esta propuesta era parte de la tradicional Fiesta de los Estudiantes que se realizaba en Intendente Alvear, pero que por distintas razones hab\u00eda dejado de organizarse desde el a\u00f1o 2020.<\/p>\n\n\n\n<p>En esta edici\u00f3n, la iniciativa sum\u00f3 una nueva modalidad: la organizaci\u00f3n estuvo a cargo de Aura, junto con la Municipalidad de Intendente Alvear.<\/p>\n\n\n\n<p>Adem\u00e1s de la pintada, el evento incluy\u00f3 un paseo de artesanos y emprendedores, foodtrucks, espect\u00e1culos de m\u00fasica en vivo, presentaciones de baile urbano a cargo de grupos locales y un cierre con el DJ Mart\u00edn Olgu\u00edn, que le puso ritmo y energ\u00eda a la noche, especialmente para los adolescentes y j\u00f3venes que disfrutaron la propuesta al m\u00e1ximo.<\/p>\n\n\n\n<p>En total, se intervinieron 24 paredones sobre el lateral de calle Urquiza, entre Fray Cayetano Rodr\u00edguez y Sargento Cabral. Los ganadores de la pintada ser\u00e1n anunciados el pr\u00f3ximo domingo 21 de septiembre en Plaza San Lorenzo, donde continuar\u00e1n las actividades y competencias para celebrar la llegada de la primavera y el D\u00eda del Estudiante 2025.<\/p>\n\n\n\n<p>Todas las im\u00e1genes y videos pueden verse en las redes sociales del municipio.<\/p>\n\n\n\n<figure class=\"wp-block-gallery has-nested-images columns-default is-cropped wp-block-gallery-1 is-layout-flex wp-block-gallery-is-layout-flex\">\n<figure class=\"wp-block-image size-large\"><img fetchpriority=\"high\" decoding=\"async\" width=\"1024\" height=\"461\" data-id=\"17186\" src=\"https:\/\/notipampa.com\/wp-content\/uploads\/2025\/09\/20250913_190213-1024x461.jpg\" alt=\"\" class=\"wp-image-17186\" srcset=\"https:\/\/notipampa.com\/wp-content\/uploads\/2025\/09\/20250913_190213-1024x461.jpg 1024w, https:\/\/notipampa.com\/wp-content\/uploads\/2025\/09\/20250913_190213-300x135.jpg 300w, https:\/\/notipampa.com\/wp-content\/uploads\/2025\/09\/20250913_190213-768x346.jpg 768w, https:\/\/notipampa.com\/wp-content\/uploads\/2025\/09\/20250913_190213-1536x691.jpg 1536w, https:\/\/notipampa.com\/wp-content\/uploads\/2025\/09\/20250913_190213-2048x922.jpg 2048w\" sizes=\"(max-width: 1024px) 100vw, 1024px\" \/><\/figure>\n\n\n\n<figure class=\"wp-block-image size-large\"><img decoding=\"async\" width=\"1024\" height=\"461\" data-id=\"17187\" src=\"https:\/\/notipampa.com\/wp-content\/uploads\/2025\/09\/20250913_190108-1024x461.jpg\" alt=\"\" class=\"wp-image-17187\" srcset=\"https:\/\/notipampa.com\/wp-content\/uploads\/2025\/09\/20250913_190108-1024x461.jpg 1024w, https:\/\/notipampa.com\/wp-content\/uploads\/2025\/09\/20250913_190108-300x135.jpg 300w, https:\/\/notipampa.com\/wp-content\/uploads\/2025\/09\/20250913_190108-768x346.jpg 768w, https:\/\/notipampa.com\/wp-content\/uploads\/2025\/09\/20250913_190108-1536x691.jpg 1536w, https:\/\/notipampa.com\/wp-content\/uploads\/2025\/09\/20250913_190108-2048x922.jpg 2048w\" sizes=\"(max-width: 1024px) 100vw, 1024px\" \/><\/figure>\n<\/figure>\n","protected":false},"excerpt":{"rendered":"<p>El Festival Primavera Alvear 2025 comenz\u00f3 este fin de semana con una de las propuestas m\u00e1s esperadas: la pintada de<\/p>\n","protected":false},"author":1,"featured_media":17185,"comment_status":"open","ping_status":"open","sticky":false,"template":"","format":"standard","meta":{"colormag_page_container_layout":"default_layout","colormag_page_sidebar_layout":"default_layout","footnotes":""},"categories":[6,8],"tags":[],"class_list":["post-17184","post","type-post","status-publish","format-standard","has-post-thumbnail","hentry","category-locales","category-ultimas-noticias"],"_links":{"self":[{"href":"https:\/\/notipampa.com\/index.php?rest_route=\/wp\/v2\/posts\/17184","targetHints":{"allow":["GET"]}}],"collection":[{"href":"https:\/\/notipampa.com\/index.php?rest_route=\/wp\/v2\/posts"}],"about":[{"href":"https:\/\/notipampa.com\/index.php?rest_route=\/wp\/v2\/types\/post"}],"author":[{"embeddable":true,"href":"https:\/\/notipampa.com\/index.php?rest_route=\/wp\/v2\/users\/1"}],"replies":[{"embeddable":true,"href":"https:\/\/notipampa.com\/index.php?rest_route=%2Fwp%2Fv2%2Fcomments&post=17184"}],"version-history":[{"count":1,"href":"https:\/\/notipampa.com\/index.php?rest_route=\/wp\/v2\/posts\/17184\/revisions"}],"predecessor-version":[{"id":17188,"href":"https:\/\/notipampa.com\/index.php?rest_route=\/wp\/v2\/posts\/17184\/revisions\/17188"}],"wp:featuredmedia":[{"embeddable":true,"href":"https:\/\/notipampa.com\/index.php?rest_route=\/wp\/v2\/media\/17185"}],"wp:attachment":[{"href":"https:\/\/notipampa.com\/index.php?rest_route=%2Fwp%2Fv2%2Fmedia&parent=17184"}],"wp:term":[{"taxonomy":"category","embeddable":true,"href":"https:\/\/notipampa.com\/index.php?rest_route=%2Fwp%2Fv2%2Fcategories&post=17184"},{"taxonomy":"post_tag","embeddable":true,"href":"https:\/\/notipampa.com\/index.php?rest_route=%2Fwp%2Fv2%2Ftags&post=17184"}],"curies":[{"name":"wp","href":"https:\/\/api.w.org\/{rel}","templated":true}]}}