{"id":17122,"date":"2025-09-08T10:47:40","date_gmt":"2025-09-08T13:47:40","guid":{"rendered":"https:\/\/notipampa.com\/?p=17122"},"modified":"2025-09-08T10:47:41","modified_gmt":"2025-09-08T13:47:41","slug":"derrota-de-alvear-fbc-y-sorpresiva-renuncia-de-su-dt-en-el-inicio-del-provincial","status":"publish","type":"post","link":"https:\/\/notipampa.com\/?p=17122","title":{"rendered":"Derrota de Alvear FBC y sorpresiva renuncia de su DT en el inicio del Provincial"},"content":{"rendered":"\n<p><strong>En la primera fecha del Torneo Provincial de F\u00fatbol \u201cAlberto Mario Jorge\u201d, Alvear FBC cay\u00f3 como local ante Atl\u00e9tico Santa Rosa y, tras la derrota, su entrenador Hugo Feroglio present\u00f3 la renuncia a su cargo.<\/strong><\/p>\n\n\n\n<p>Con triunfos de Atl\u00e9tico Santa Rosa en la Zona B, de Pico FBC en la Zona C y del debutante El Pampero de Colonia Santa Mar\u00eda en la Zona D, la jornada inaugural del certamen dej\u00f3 confirmaciones y sorpresas, anticipando un campeonato parejo y competitivo.<\/p>\n\n\n\n<p>En Intendente Alvear, el Albo se impuso por 2 a 1 frente al \u201cAzul\u201d, que llegaba como campe\u00f3n de la Liga Pampeana y uno de los candidatos a pelear el Provincial. Los goles para la visita fueron de Mart\u00edn \u201cTurco\u201d Abraham, a los 25 minutos, y de Emiliano Cocco, de penal, a los 33. En el complemento, Axel Bertaina descont\u00f3 para Alvear a los 9 minutos, y desde los 15 el local jug\u00f3 con ventaja num\u00e9rica por la expulsi\u00f3n de Luis Gui\u00f1az\u00fa. Sin embargo, el elenco alvearense no logr\u00f3 revertir el resultado y los tres puntos quedaron en manos de Atl\u00e9tico, que lidera la Zona B.<\/p>\n\n\n\n<p>La ca\u00edda tuvo consecuencias inmediatas: Hugo Feroglio decidi\u00f3 dar un paso al costado tras apenas un mes de gesti\u00f3n. El \u201cPoli\u201d hab\u00eda asumido el 8 de agosto y alcanz\u00f3 a dirigir tres partidos oficiales, con un saldo de una victoria (2-0 a Deportivo Alpachiri en la Copa de Campeones) y dos derrotas (4-1 ante All Boys y la de ayer ante Santa Rosa).<\/p>\n","protected":false},"excerpt":{"rendered":"<p>En la primera fecha del Torneo Provincial de F\u00fatbol \u201cAlberto Mario Jorge\u201d, Alvear FBC cay\u00f3 como local ante Atl\u00e9tico Santa<\/p>\n","protected":false},"author":1,"featured_media":17123,"comment_status":"open","ping_status":"open","sticky":false,"template":"","format":"standard","meta":{"colormag_page_container_layout":"default_layout","colormag_page_sidebar_layout":"default_layout","footnotes":""},"categories":[10,6,8],"tags":[],"class_list":["post-17122","post","type-post","status-publish","format-standard","has-post-thumbnail","hentry","category-sports","category-locales","category-ultimas-noticias"],"_links":{"self":[{"href":"https:\/\/notipampa.com\/index.php?rest_route=\/wp\/v2\/posts\/17122","targetHints":{"allow":["GET"]}}],"collection":[{"href":"https:\/\/notipampa.com\/index.php?rest_route=\/wp\/v2\/posts"}],"about":[{"href":"https:\/\/notipampa.com\/index.php?rest_route=\/wp\/v2\/types\/post"}],"author":[{"embeddable":true,"href":"https:\/\/notipampa.com\/index.php?rest_route=\/wp\/v2\/users\/1"}],"replies":[{"embeddable":true,"href":"https:\/\/notipampa.com\/index.php?rest_route=%2Fwp%2Fv2%2Fcomments&post=17122"}],"version-history":[{"count":1,"href":"https:\/\/notipampa.com\/index.php?rest_route=\/wp\/v2\/posts\/17122\/revisions"}],"predecessor-version":[{"id":17124,"href":"https:\/\/notipampa.com\/index.php?rest_route=\/wp\/v2\/posts\/17122\/revisions\/17124"}],"wp:featuredmedia":[{"embeddable":true,"href":"https:\/\/notipampa.com\/index.php?rest_route=\/wp\/v2\/media\/17123"}],"wp:attachment":[{"href":"https:\/\/notipampa.com\/index.php?rest_route=%2Fwp%2Fv2%2Fmedia&parent=17122"}],"wp:term":[{"taxonomy":"category","embeddable":true,"href":"https:\/\/notipampa.com\/index.php?rest_route=%2Fwp%2Fv2%2Fcategories&post=17122"},{"taxonomy":"post_tag","embeddable":true,"href":"https:\/\/notipampa.com\/index.php?rest_route=%2Fwp%2Fv2%2Ftags&post=17122"}],"curies":[{"name":"wp","href":"https:\/\/api.w.org\/{rel}","templated":true}]}}