{"id":16977,"date":"2025-08-20T07:55:12","date_gmt":"2025-08-20T10:55:12","guid":{"rendered":"https:\/\/notipampa.com\/?p=16977"},"modified":"2025-08-20T07:55:13","modified_gmt":"2025-08-20T10:55:13","slug":"quemu-quemu-identificaron-al-hombre-hallado-sin-vida-en-un-establecimiento-rural","status":"publish","type":"post","link":"https:\/\/notipampa.com\/?p=16977","title":{"rendered":"Quem\u00fa Quem\u00fa: identificaron al hombre hallado sin vida en un establecimiento rural"},"content":{"rendered":"\n<p>Un tr\u00e1gico hecho conmocion\u00f3 en la tarde-noche del martes a la localidad de Quem\u00fa Quem\u00fa. Un hombre de 53 a\u00f1os, identificado como <strong>Francisco Eduardo Vilches<\/strong>, fue encontrado sin vida en el campo \u201cLa Luisa\u201d, ubicado a unos 12 kil\u00f3metros al sur del casco urbano.<\/p>\n\n\n\n<p>Seg\u00fan precis\u00f3 el fiscal a cargo de la investigaci\u00f3n, <strong>Guillermo Komarofky<\/strong>, la v\u00edctima se desplazaba en motocicleta y, por causas que se investigan, perdi\u00f3 el control del rodado en un terreno con barro producto de las lluvias, lo que provoc\u00f3 su ca\u00edda fatal. El deceso se produjo en el lugar.<\/p>\n\n\n\n<p>El hallazgo fue realizado por el propietario del establecimiento rural, quien dio aviso a las autoridades. En el lugar intervino la Polic\u00eda y posteriormente el m\u00e9dico forense <strong>Dr. Pablo Veliz<\/strong>, de la ciudad de Santa Rosa, quien realizar\u00e1 la autopsia para establecer con precisi\u00f3n las causas de la muerte.<\/p>\n\n\n\n<p>\u201cTodav\u00eda no tenemos el resultado de la certificaci\u00f3n de las causales de muerte\u201d, explic\u00f3 Komarofky, y se\u00f1al\u00f3 que el informe forense ser\u00e1 clave para avanzar en la investigaci\u00f3n.<\/p>\n","protected":false},"excerpt":{"rendered":"<p>Un tr\u00e1gico hecho conmocion\u00f3 en la tarde-noche del martes a la localidad de Quem\u00fa Quem\u00fa. Un hombre de 53 a\u00f1os,<\/p>\n","protected":false},"author":1,"featured_media":16978,"comment_status":"open","ping_status":"open","sticky":false,"template":"","format":"standard","meta":{"colormag_page_container_layout":"default_layout","colormag_page_sidebar_layout":"default_layout","footnotes":""},"categories":[56,4,8],"tags":[],"class_list":["post-16977","post","type-post","status-publish","format-standard","has-post-thumbnail","hentry","category-policiales","category-provincia","category-ultimas-noticias"],"_links":{"self":[{"href":"https:\/\/notipampa.com\/index.php?rest_route=\/wp\/v2\/posts\/16977","targetHints":{"allow":["GET"]}}],"collection":[{"href":"https:\/\/notipampa.com\/index.php?rest_route=\/wp\/v2\/posts"}],"about":[{"href":"https:\/\/notipampa.com\/index.php?rest_route=\/wp\/v2\/types\/post"}],"author":[{"embeddable":true,"href":"https:\/\/notipampa.com\/index.php?rest_route=\/wp\/v2\/users\/1"}],"replies":[{"embeddable":true,"href":"https:\/\/notipampa.com\/index.php?rest_route=%2Fwp%2Fv2%2Fcomments&post=16977"}],"version-history":[{"count":1,"href":"https:\/\/notipampa.com\/index.php?rest_route=\/wp\/v2\/posts\/16977\/revisions"}],"predecessor-version":[{"id":16979,"href":"https:\/\/notipampa.com\/index.php?rest_route=\/wp\/v2\/posts\/16977\/revisions\/16979"}],"wp:featuredmedia":[{"embeddable":true,"href":"https:\/\/notipampa.com\/index.php?rest_route=\/wp\/v2\/media\/16978"}],"wp:attachment":[{"href":"https:\/\/notipampa.com\/index.php?rest_route=%2Fwp%2Fv2%2Fmedia&parent=16977"}],"wp:term":[{"taxonomy":"category","embeddable":true,"href":"https:\/\/notipampa.com\/index.php?rest_route=%2Fwp%2Fv2%2Fcategories&post=16977"},{"taxonomy":"post_tag","embeddable":true,"href":"https:\/\/notipampa.com\/index.php?rest_route=%2Fwp%2Fv2%2Ftags&post=16977"}],"curies":[{"name":"wp","href":"https:\/\/api.w.org\/{rel}","templated":true}]}}