{"id":16925,"date":"2025-08-15T08:36:40","date_gmt":"2025-08-15T11:36:40","guid":{"rendered":"https:\/\/notipampa.com\/?p=16925"},"modified":"2025-08-15T08:36:41","modified_gmt":"2025-08-15T11:36:41","slug":"fallecio-la-hermana-raquel-buso-directora-del-colegio-heguy-en-un-tragico-choque-frontal-en-ruta-35","status":"publish","type":"post","link":"https:\/\/notipampa.com\/?p=16925","title":{"rendered":"Falleci\u00f3 la Hermana Raquel Buso, directora del Colegio Heguy, en un tr\u00e1gico choque frontal en Ruta 35"},"content":{"rendered":"\n<p><strong>En la ma\u00f1ana de este jueves pasado, un grave accidente de tr\u00e1nsito en la Ruta Nacional N\u00b0 35, a la altura del kil\u00f3metro 365, en la zona conocida como <em>El Guanaco<\/em>, se cobr\u00f3 la vida de dos personas y dej\u00f3 un herido. Entre las v\u00edctimas se encuentra la Hermana Raquel Viviana Buso, directora del Colegio Heguy de la Sagrada Familia de Intendente Alvear.<\/strong><\/p>\n\n\n\n<p>Seg\u00fan inform\u00f3 el Gobierno de La Pampa, a trav\u00e9s del Ministerio de Seguridad y Justicia y la Polic\u00eda provincial, el siniestro se produjo entre los kil\u00f3metros 360 y 361, cuando por causas que se investigan, una Peugeot Partner que circulaba de norte a sur y una camioneta Chevrolet S10 que lo hac\u00eda en sentido contrario colisionaron de frente.<\/p>\n\n\n\n<p>Como consecuencia del impacto, la conductora de la Peugeot Partner, identificada como la Hermana Buso, falleci\u00f3 en el lugar. En la camioneta viajaban dos hombres: uno de ellos qued\u00f3 atrapado y fue rescatado por Bomberos Voluntarios de Winifreda; el otro se encontraba consciente al momento de la llegada de los servicios de emergencia. Ambos fueron trasladados de urgencia al Hospital Dr. Ren\u00e9 Favaloro de Santa Rosa, donde horas m\u00e1s tarde se confirm\u00f3 el fallecimiento del conductor.<\/p>\n\n\n\n<p>Personal policial, bomberos y servicios de emergencia trabajaron en el sitio para realizar las pericias correspondientes y liberar la calzada, que permaneci\u00f3 cortada durante varias horas.<\/p>\n\n\n\n<p><\/p>\n","protected":false},"excerpt":{"rendered":"<p>En la ma\u00f1ana de este jueves pasado, un grave accidente de tr\u00e1nsito en la Ruta Nacional N\u00b0 35, a la<\/p>\n","protected":false},"author":1,"featured_media":16926,"comment_status":"open","ping_status":"open","sticky":false,"template":"","format":"standard","meta":{"colormag_page_container_layout":"default_layout","colormag_page_sidebar_layout":"default_layout","footnotes":""},"categories":[56,4,8],"tags":[],"class_list":["post-16925","post","type-post","status-publish","format-standard","has-post-thumbnail","hentry","category-policiales","category-provincia","category-ultimas-noticias"],"_links":{"self":[{"href":"https:\/\/notipampa.com\/index.php?rest_route=\/wp\/v2\/posts\/16925","targetHints":{"allow":["GET"]}}],"collection":[{"href":"https:\/\/notipampa.com\/index.php?rest_route=\/wp\/v2\/posts"}],"about":[{"href":"https:\/\/notipampa.com\/index.php?rest_route=\/wp\/v2\/types\/post"}],"author":[{"embeddable":true,"href":"https:\/\/notipampa.com\/index.php?rest_route=\/wp\/v2\/users\/1"}],"replies":[{"embeddable":true,"href":"https:\/\/notipampa.com\/index.php?rest_route=%2Fwp%2Fv2%2Fcomments&post=16925"}],"version-history":[{"count":1,"href":"https:\/\/notipampa.com\/index.php?rest_route=\/wp\/v2\/posts\/16925\/revisions"}],"predecessor-version":[{"id":16927,"href":"https:\/\/notipampa.com\/index.php?rest_route=\/wp\/v2\/posts\/16925\/revisions\/16927"}],"wp:featuredmedia":[{"embeddable":true,"href":"https:\/\/notipampa.com\/index.php?rest_route=\/wp\/v2\/media\/16926"}],"wp:attachment":[{"href":"https:\/\/notipampa.com\/index.php?rest_route=%2Fwp%2Fv2%2Fmedia&parent=16925"}],"wp:term":[{"taxonomy":"category","embeddable":true,"href":"https:\/\/notipampa.com\/index.php?rest_route=%2Fwp%2Fv2%2Fcategories&post=16925"},{"taxonomy":"post_tag","embeddable":true,"href":"https:\/\/notipampa.com\/index.php?rest_route=%2Fwp%2Fv2%2Ftags&post=16925"}],"curies":[{"name":"wp","href":"https:\/\/api.w.org\/{rel}","templated":true}]}}