{"id":16810,"date":"2025-07-25T07:13:46","date_gmt":"2025-07-25T10:13:46","guid":{"rendered":"https:\/\/notipampa.com\/?p=16810"},"modified":"2025-07-25T07:13:48","modified_gmt":"2025-07-25T10:13:48","slug":"ziliotto-recibio-a-jubilados-de-ate-y-les-aseguro-que-la-pampa-mantendra-su-caja-previsional","status":"publish","type":"post","link":"https:\/\/notipampa.com\/?p=16810","title":{"rendered":"Ziliotto recibi\u00f3 a jubilados de ATE y les asegur\u00f3 que La Pampa mantendr\u00e1 su caja previsional"},"content":{"rendered":"\n<p><strong>Durante una reuni\u00f3n, Sergio Ziliotto, ratific\u00f3 que la provincia no transferir\u00e1 sus cajas previsionales a Naci\u00f3n. Noelia Guzm\u00e1n, titular del Centro Nacional de Jubilados de ATE, destac\u00f3 la firmeza del Gobierno provincial en garantizar el 82% m\u00f3vil.\u00a0 \u00a0<\/strong><\/p>\n\n\n\n<p>El gobernador Sergio Ziliotto recibi\u00f3 este jueves a referentes del Centro Nacional de Jubilados y Pensionados de ATE, quienes manifestaron su preocupaci\u00f3n por los intentos del Gobierno Nacional de avanzar en la transferencia y armonizaci\u00f3n de las cajas previsionales provinciales. En ese contexto, el mandatario pampeano dej\u00f3 en claro que La Pampa no ceder\u00e1 su caja a Naci\u00f3n y continuar\u00e1 garantizando el 82% m\u00f3vil para sus jubilados.<br>En la audiencia participaron Noelia Guzm\u00e1n, secretaria general del Centro Nacional de Jubilados y Pensionados de ATE, y M\u00f3nica Castro, integrante de la comisi\u00f3n normalizadora del Centro de Jubilados de ATE en La Pampa, junto a los dirigentes Segundo Rodr\u00edguez, Sergio S\u00e1nchez, Perla Far\u00edas, Roberto Simpson y Susana Valdivieso.<br>\u201cHemos organizado en el Centro Nacional de Jubilados una visita a las 13 provincias que hoy corren peligro de que sus cajas sean armonizadas, porque el gobierno nacional est\u00e1 avanzando bastante con este tema. Sabemos que el gobierno de La Pampa la va a defender, como lo est\u00e1 haciendo, pero de todas maneras no pod\u00eda dejar de venir a plantearle nuestra preocupaci\u00f3n al gobernador\u201d, expres\u00f3 Guzm\u00e1n tras la reuni\u00f3n.<br>Durante el encuentro, las autoridades del centro destacaron que La Pampa sostiene con recursos propios el pago a sus jubilados, a pesar de que el Estado nacional no cumple con la ley que lo obliga a cubrir el d\u00e9ficit de las cajas no transferidas. \u201cDesde que asumi\u00f3 este gobierno, el d\u00e9ficit que Naci\u00f3n no cubri\u00f3 asciende a 90.000 millones, pero la deuda total supera los 300.000 millones. La Pampa lo est\u00e1 cubriendo. Yo soy jubilada de esta caja, trabaj\u00e9 en el Tribunal de Cuentas y puedo decir que se est\u00e1 cumpliendo\u201d, afirm\u00f3.<br>Valor\u00f3 la voluntad del mandatario pampeano de continuar con esta pol\u00edtica: \u201cNos vamos con la impresi\u00f3n que ya ten\u00edamos: que va a seguir adelante con esta defensa de la clase general. Fue una reuni\u00f3n muy positiva, nos vamos muy contentos\u201d, resumi\u00f3.<br>Adem\u00e1s, el Centro de Jubilados le plante\u00f3 al gobernador algunas necesidades concretas de los jubilados pampeanos, ante lo cual Ziliotto se comprometi\u00f3 a brindar acompa\u00f1amiento desde el Gobierno provincial.<br>Finalmente, Guzm\u00e1n realiz\u00f3 un llamado a la organizaci\u00f3n y la solidaridad: \u201cConvocamos a los jubilados de La Pampa a sumarse a esta lucha. Aunque esta provincia est\u00e9 bien defendida, no podemos confiarnos. Tenemos que movilizarnos en apoyo a los compa\u00f1eros de otras provincias, porque hoy hay 5 millones de personas sufriendo, que no tienen vivienda, alimentos ni medicamentos, por la crueldad de este gobierno nacional. Las \u2018quintitas\u2019 ya no van m\u00e1s: nadie se salva solo\u201d, enfatiz\u00f3.<\/p>\n","protected":false},"excerpt":{"rendered":"<p>Durante una reuni\u00f3n, Sergio Ziliotto, ratific\u00f3 que la provincia no transferir\u00e1 sus cajas previsionales a Naci\u00f3n. Noelia Guzm\u00e1n, titular del<\/p>\n","protected":false},"author":1,"featured_media":16811,"comment_status":"open","ping_status":"open","sticky":false,"template":"","format":"standard","meta":{"colormag_page_container_layout":"default_layout","colormag_page_sidebar_layout":"default_layout","footnotes":""},"categories":[7,4,8],"tags":[],"class_list":["post-16810","post","type-post","status-publish","format-standard","has-post-thumbnail","hentry","category-politica","category-provincia","category-ultimas-noticias"],"_links":{"self":[{"href":"https:\/\/notipampa.com\/index.php?rest_route=\/wp\/v2\/posts\/16810","targetHints":{"allow":["GET"]}}],"collection":[{"href":"https:\/\/notipampa.com\/index.php?rest_route=\/wp\/v2\/posts"}],"about":[{"href":"https:\/\/notipampa.com\/index.php?rest_route=\/wp\/v2\/types\/post"}],"author":[{"embeddable":true,"href":"https:\/\/notipampa.com\/index.php?rest_route=\/wp\/v2\/users\/1"}],"replies":[{"embeddable":true,"href":"https:\/\/notipampa.com\/index.php?rest_route=%2Fwp%2Fv2%2Fcomments&post=16810"}],"version-history":[{"count":1,"href":"https:\/\/notipampa.com\/index.php?rest_route=\/wp\/v2\/posts\/16810\/revisions"}],"predecessor-version":[{"id":16812,"href":"https:\/\/notipampa.com\/index.php?rest_route=\/wp\/v2\/posts\/16810\/revisions\/16812"}],"wp:featuredmedia":[{"embeddable":true,"href":"https:\/\/notipampa.com\/index.php?rest_route=\/wp\/v2\/media\/16811"}],"wp:attachment":[{"href":"https:\/\/notipampa.com\/index.php?rest_route=%2Fwp%2Fv2%2Fmedia&parent=16810"}],"wp:term":[{"taxonomy":"category","embeddable":true,"href":"https:\/\/notipampa.com\/index.php?rest_route=%2Fwp%2Fv2%2Fcategories&post=16810"},{"taxonomy":"post_tag","embeddable":true,"href":"https:\/\/notipampa.com\/index.php?rest_route=%2Fwp%2Fv2%2Ftags&post=16810"}],"curies":[{"name":"wp","href":"https:\/\/api.w.org\/{rel}","templated":true}]}}