{"id":16807,"date":"2025-07-25T07:12:06","date_gmt":"2025-07-25T10:12:06","guid":{"rendered":"https:\/\/notipampa.com\/?p=16807"},"modified":"2025-07-25T07:12:07","modified_gmt":"2025-07-25T10:12:07","slug":"la-pampa-lastiri-advierte-por-crisis-de-rentabilidad-que-pone-en-riesgo-la-industria-frigorifica","status":"publish","type":"post","link":"https:\/\/notipampa.com\/?p=16807","title":{"rendered":"La Pampa: Lastiri advierte por \u201ccrisis de rentabilidad\u201d que pone en riesgo la industria frigor\u00edfica"},"content":{"rendered":"\n<p><strong>El titular de la Agencia La Pampa de Inversiones y Comercio Exterior (I-COMEX), Sebasti\u00e1n Lastiri, advirti\u00f3 que la industria frigor\u00edfica nacional atraviesa una \u201cgrave crisis de rentabilidad\u201d \u00a0y precis\u00f3 que en La Pampa \u201cest\u00e1n en riesgo m\u00e1s de 2.000 fuentes de trabajo\u201d. Consider\u00f3 que todo el arco pol\u00edtico y empresarial \u201cdebe tomar nota de la crisis y reclamar al Gobierno nacional medidas concretas\u201d, al tiempo que indic\u00f3 que \u201cno se avizoran medidas concretas que le devuelvan rentabilidad al sector\u201d.<\/strong><\/p>\n\n\n\n<p>Lastiri dijo que la situaci\u00f3n financiera que atraviesa el frigor\u00edfico pampeano HV, ubicado en Bernasconi \u201cse inscribe dentro de la crisis que est\u00e1 teniendo la industria frigor\u00edfica en todo el pa\u00eds, en distintas jurisdicciones como Santa Fe, Buenos Aires y otros distritos, principalmente en frigor\u00edficos exportadores\u201d.&nbsp;<\/p>\n\n\n\n<p>\u201cLos datos que empujan la crisis de la industria c\u00e1rnica hablan por s\u00ed solos: una ca\u00edda de casi el 30% de las exportaciones a nivel nacional, un poco m\u00e1s del 40% en La Pampa, sumado a la crisis en el consumo por la ca\u00edda de los ingresos en las familias, explican el porqu\u00e9 de la situaci\u00f3n de quebranto de muchas plantas frigor\u00edficas\u201d, detall\u00f3.<\/p>\n\n\n\n<p>Indic\u00f3 que a los factores antes mencionados se le debe sumar \u201cel encarecimiento de la Argentina en d\u00f3lares; el aumento desproporcionado de tarifas en los \u00faltimos 18 meses y una intervenci\u00f3n en el tipo de cambio que aplica el Gobierno nacional con fines electorales que distorsionan y complejizan al sector\u201d.<\/p>\n\n\n\n<p>Apunt\u00f3 que \u201cla escases de respuestas a la crisis que gener\u00f3 el Gobierno nacional con sus medidas hacen que el sector pierda rentabilidad d\u00eda a d\u00eda lo que repercute directamente en el empleo y en los dem\u00e1s sectores que ve como se desploma el consumo por falta de poder adquisitivo\u201d.&nbsp;<\/p>\n\n\n\n<p><strong>La industria golpeada en todo el pa\u00eds<\/strong><\/p>\n\n\n\n<p>Como ejemplo de la crisis que atraviesa la industria c\u00e1rnica en la Argentina mencion\u00f3, por citar solo algunos ejemplos, al Frigor\u00edfico Devesa (provincia de Buenos Aires) que despidi\u00f3 inicialmente 40 trabajadores y advirti\u00f3 que la cifra podr\u00eda ascender a 150, afectado por la suspensi\u00f3n de exportaciones a M\u00e9xico; al &nbsp;Frigor\u00edfico Euro (provincia de Santa Fe que ejecut\u00f3 cerca de 70 despidos y al &nbsp;Frigor\u00edfico ex-Sadowa \/ San Telmo &nbsp;que despidi\u00f3 56 empleados a fines de julio de 2025 y permanece &nbsp;con la planta parada desde abril.&nbsp;<\/p>\n\n\n\n<p>\u201cLa crisis de la industria frigor\u00edfica argentina y dentro de ella la pampeana pone en riesgo m\u00e1s de 2.000 puestos de trabajo, con un fuerte impacto no solo en la provincia, sino fundamentalmente en lo que pueda pasar en las ciudades en donde los frigor\u00edficos operan, como Santa Rosa, General Pico o Trenel\u201d, advirti\u00f3.&nbsp;<\/p>\n\n\n\n<p>Lastiri subray\u00f3 que \u201ccada despido o suspensi\u00f3n de un trabajador impacta en los dem\u00e1s sectores de las econom\u00edas sociales y por eso creemos que es importante visibilizar la crisis y el impacto que puede tener m\u00e1s all\u00e1 de las medidas que aplica el Gobierno provincial para morigerar los da\u00f1os\u201d.<\/p>\n\n\n\n<p>En este sentido se\u00f1al\u00f3 que La Pampa \u201cpuso a disposici\u00f3n cr\u00e9ditos a tasa subsidiada, herramientas para &nbsp;reducir la presi\u00f3n impositiva provincial, pero el contexto macroecon\u00f3mico nacional hace que solo sean paliativos que, si no se resuelve la rentabilidad de &nbsp;la industria, solo ser\u00e1n eso: paliativos para tratar de mantener las fuentes de trabajo y las empresas con las puertas abiertas hasta que mejore la situaci\u00f3n econ\u00f3mica nacional\u201d.&nbsp;<\/p>\n\n\n\n<p><strong>\u201cTodos deben tomar nota de la crisis y reclamar\u201d<\/strong><\/p>\n\n\n\n<p>\u201cEs necesario que no solamente el Gobierno provincial, sino todo el espectro pol\u00edtico: intendentes, legisladores y el sector empresarial tome nota de la crisis que atraviesan las industrias, en este caso puntual la c\u00e1rnica y se reclamen de manera conjunta soluciones y medidas concretas al Gobierno Nacional que ayuden a detener la crisis de rentabilidad que enfrentan los frigor\u00edficos hace m\u00e1s de un a\u00f1o\u201d, concluy\u00f3.&nbsp;<\/p>\n","protected":false},"excerpt":{"rendered":"<p>El titular de la Agencia La Pampa de Inversiones y Comercio Exterior (I-COMEX), Sebasti\u00e1n Lastiri, advirti\u00f3 que la industria frigor\u00edfica<\/p>\n","protected":false},"author":1,"featured_media":16808,"comment_status":"open","ping_status":"open","sticky":false,"template":"","format":"standard","meta":{"colormag_page_container_layout":"default_layout","colormag_page_sidebar_layout":"default_layout","footnotes":""},"categories":[4,8],"tags":[],"class_list":["post-16807","post","type-post","status-publish","format-standard","has-post-thumbnail","hentry","category-provincia","category-ultimas-noticias"],"_links":{"self":[{"href":"https:\/\/notipampa.com\/index.php?rest_route=\/wp\/v2\/posts\/16807","targetHints":{"allow":["GET"]}}],"collection":[{"href":"https:\/\/notipampa.com\/index.php?rest_route=\/wp\/v2\/posts"}],"about":[{"href":"https:\/\/notipampa.com\/index.php?rest_route=\/wp\/v2\/types\/post"}],"author":[{"embeddable":true,"href":"https:\/\/notipampa.com\/index.php?rest_route=\/wp\/v2\/users\/1"}],"replies":[{"embeddable":true,"href":"https:\/\/notipampa.com\/index.php?rest_route=%2Fwp%2Fv2%2Fcomments&post=16807"}],"version-history":[{"count":1,"href":"https:\/\/notipampa.com\/index.php?rest_route=\/wp\/v2\/posts\/16807\/revisions"}],"predecessor-version":[{"id":16809,"href":"https:\/\/notipampa.com\/index.php?rest_route=\/wp\/v2\/posts\/16807\/revisions\/16809"}],"wp:featuredmedia":[{"embeddable":true,"href":"https:\/\/notipampa.com\/index.php?rest_route=\/wp\/v2\/media\/16808"}],"wp:attachment":[{"href":"https:\/\/notipampa.com\/index.php?rest_route=%2Fwp%2Fv2%2Fmedia&parent=16807"}],"wp:term":[{"taxonomy":"category","embeddable":true,"href":"https:\/\/notipampa.com\/index.php?rest_route=%2Fwp%2Fv2%2Fcategories&post=16807"},{"taxonomy":"post_tag","embeddable":true,"href":"https:\/\/notipampa.com\/index.php?rest_route=%2Fwp%2Fv2%2Ftags&post=16807"}],"curies":[{"name":"wp","href":"https:\/\/api.w.org\/{rel}","templated":true}]}}