{"id":16763,"date":"2025-07-23T07:43:12","date_gmt":"2025-07-23T10:43:12","guid":{"rendered":"https:\/\/notipampa.com\/?p=16763"},"modified":"2025-07-23T07:43:13","modified_gmt":"2025-07-23T10:43:13","slug":"alvear-invierno-en-movimiento-una-jornada-de-juegos-cultura-y-recreacion-para-toda-la-familia","status":"publish","type":"post","link":"https:\/\/notipampa.com\/?p=16763","title":{"rendered":"Alvear: \u201cInvierno en Movimiento\u201d, una jornada de juegos, cultura y recreaci\u00f3n para toda la familia"},"content":{"rendered":"\n<p><strong>El pasado lunes se llev\u00f3 a cabo una nueva edici\u00f3n de \u201cInvierno en Movimiento\u201d, una propuesta coordinada por la Secretar\u00eda de Desarrollo Social, la Direcci\u00f3n de Deportes y la Direcci\u00f3n de Cultura de la Municipalidad de Intendente Alvear, en el marco de las vacaciones de invierno.<\/strong><\/p>\n\n\n\n<p>La actividad tuvo lugar en el Polideportivo Municipal, que fue acondicionado especialmente para la ocasi\u00f3n, con distintas estaciones de juego y espacios creativos pensados para disfrutar en familia. En esta oportunidad, el eje tem\u00e1tico fue \u201cLa Pampa\u201d, y las actividades giraron en torno a la identidad cultural, el juego libre y la diversi\u00f3n compartida.<\/p>\n\n\n\n<p>Hubo espacios para todos los gustos y edades:<\/p>\n\n\n\n<p>En el play\u00f3n, mesas sensoriales con actividades como dibujo con masa, creaci\u00f3n con arena kin\u00e9tica y juegos t\u00e1ctiles.<\/p>\n\n\n\n<p>En las canchas, postas deportivas con f\u00fatbol, v\u00f3ley, penales, aro, emboque, entre otros juegos individuales y en equipo.<\/p>\n\n\n\n<p>En el quincho, un espacio cubierto con mesas de juegos de mesa, dibujo, pintura, plaza blanda para los m\u00e1s peque\u00f1os y propuestas l\u00fadicas para compartir.<\/p>\n\n\n\n<p>Uno de los momentos destacados de la jornada fue el inicio de un mural en vivo, que retrata los atardeceres pampeanos, y la participaci\u00f3n de la Biblioteca Popular Renovaci\u00f3n, que se sum\u00f3 a trav\u00e9s de una actividad literaria con la escritora Alejandra Carranza y Mar\u00eda Arangurena. Ambas ofrecieron cuentos y poes\u00edas de \u201cUn paseo por La Pampa\u201d, libro infantil recientemente editado por Carranza. Tambi\u00e9n hubo un espect\u00e1culo de t\u00edteres, con personajes como Tero, Perro y Peludo que cobraron vida y cautivaron a grandes y chicos.<\/p>\n\n\n\n<p>Una tarde inolvidable, llena de juegos, cultura y comunidad, en la que se reafirm\u00f3 el valor de generar espacios accesibles, creativos y recreativos durante el receso invernal.<\/p>\n\n\n\n<figure class=\"wp-block-image size-large\"><img fetchpriority=\"high\" decoding=\"async\" width=\"1024\" height=\"462\" src=\"https:\/\/notipampa.com\/wp-content\/uploads\/2025\/07\/20250721_155349-1024x462.jpg\" alt=\"\" class=\"wp-image-16764\" srcset=\"https:\/\/notipampa.com\/wp-content\/uploads\/2025\/07\/20250721_155349-1024x462.jpg 1024w, https:\/\/notipampa.com\/wp-content\/uploads\/2025\/07\/20250721_155349-300x135.jpg 300w, https:\/\/notipampa.com\/wp-content\/uploads\/2025\/07\/20250721_155349-768x346.jpg 768w, https:\/\/notipampa.com\/wp-content\/uploads\/2025\/07\/20250721_155349-1536x693.jpg 1536w, https:\/\/notipampa.com\/wp-content\/uploads\/2025\/07\/20250721_155349-2048x924.jpg 2048w\" sizes=\"(max-width: 1024px) 100vw, 1024px\" \/><\/figure>\n","protected":false},"excerpt":{"rendered":"<p>El pasado lunes se llev\u00f3 a cabo una nueva edici\u00f3n de \u201cInvierno en Movimiento\u201d, una propuesta coordinada por la Secretar\u00eda<\/p>\n","protected":false},"author":1,"featured_media":16765,"comment_status":"open","ping_status":"open","sticky":false,"template":"","format":"standard","meta":{"colormag_page_container_layout":"default_layout","colormag_page_sidebar_layout":"default_layout","footnotes":""},"categories":[6,8],"tags":[],"class_list":["post-16763","post","type-post","status-publish","format-standard","has-post-thumbnail","hentry","category-locales","category-ultimas-noticias"],"_links":{"self":[{"href":"https:\/\/notipampa.com\/index.php?rest_route=\/wp\/v2\/posts\/16763","targetHints":{"allow":["GET"]}}],"collection":[{"href":"https:\/\/notipampa.com\/index.php?rest_route=\/wp\/v2\/posts"}],"about":[{"href":"https:\/\/notipampa.com\/index.php?rest_route=\/wp\/v2\/types\/post"}],"author":[{"embeddable":true,"href":"https:\/\/notipampa.com\/index.php?rest_route=\/wp\/v2\/users\/1"}],"replies":[{"embeddable":true,"href":"https:\/\/notipampa.com\/index.php?rest_route=%2Fwp%2Fv2%2Fcomments&post=16763"}],"version-history":[{"count":1,"href":"https:\/\/notipampa.com\/index.php?rest_route=\/wp\/v2\/posts\/16763\/revisions"}],"predecessor-version":[{"id":16766,"href":"https:\/\/notipampa.com\/index.php?rest_route=\/wp\/v2\/posts\/16763\/revisions\/16766"}],"wp:featuredmedia":[{"embeddable":true,"href":"https:\/\/notipampa.com\/index.php?rest_route=\/wp\/v2\/media\/16765"}],"wp:attachment":[{"href":"https:\/\/notipampa.com\/index.php?rest_route=%2Fwp%2Fv2%2Fmedia&parent=16763"}],"wp:term":[{"taxonomy":"category","embeddable":true,"href":"https:\/\/notipampa.com\/index.php?rest_route=%2Fwp%2Fv2%2Fcategories&post=16763"},{"taxonomy":"post_tag","embeddable":true,"href":"https:\/\/notipampa.com\/index.php?rest_route=%2Fwp%2Fv2%2Ftags&post=16763"}],"curies":[{"name":"wp","href":"https:\/\/api.w.org\/{rel}","templated":true}]}}