{"id":16605,"date":"2025-07-04T07:48:24","date_gmt":"2025-07-04T10:48:24","guid":{"rendered":"https:\/\/notipampa.com\/?p=16605"},"modified":"2025-07-04T08:12:26","modified_gmt":"2025-07-04T11:12:26","slug":"el-gobierno-nacional-proyecta-convocar-a-las-provincias-para-acercar-posiciones-ante-el-acecho-de-la-oposicion","status":"publish","type":"post","link":"https:\/\/notipampa.com\/?p=16605","title":{"rendered":"El Gobierno Nacional proyecta convocar a las provincias para acercar posiciones ante el acecho de la oposici\u00f3n"},"content":{"rendered":"\n<p><strong>En Casa Rosada evitan criticar directamente a los gobernadores por el impl\u00edcito aval que dieron, a trav\u00e9s de sus legisladores, para el tratamiento de proyectos inc\u00f3modos para los libertarios en la C\u00e1mara de Diputados y el Senado<\/strong><\/p>\n\n\n\n<p>Luego de que diputados y senadores aliados dieran el visto bueno -en sesi\u00f3n y en comisi\u00f3n, respectivamente- para tratar una serie de proyectos que incomodan a Javier Milei,<strong>&nbsp;el Gobierno tiene planeado convocar a los mandatarios de las provincias para acercar posiciones<\/strong>. La Casa Rosada atraviesa uno de los momentos de mayor distancia con el poder del interior desde que asumi\u00f3 La Libertad Avanza, y la Jefatura de Gabinete intentar\u00e1 reactivar los di\u00e1logos.<\/p>\n\n\n\n<p>No hay fecha establecida, pero altas fuentes nacionales informaron que el plan es&nbsp;<strong>realizar una convocatoria para despu\u00e9s del 9 de julio.&nbsp;<\/strong>Antes, habr\u00e1 di\u00e1logos remotos, bilaterales, como es habitual. Pero un encuentro presencial en la Casa Rosada, en principio, se postergar\u00eda para dentro de 10 d\u00edas.<\/p>\n\n\n\n<p>El Gobiernono quiere mostrarse apurado,&nbsp;<strong>pero evita criticar directamente a los gobernadores,<\/strong>&nbsp;en un intento por bajar el tono al conflicto.&nbsp;<strong>\u201cNo nos consta que haya sido una decisi\u00f3n de ellos dar qu\u00f3rum o firmar los dict\u00e1menes.&nbsp;<\/strong>Son temas llamativos y muchos legisladores pueden tener inter\u00e9s en defenderlos en particular\u201d, dijo un funcionario, para bajar los humos.<\/p>\n\n\n\n<p>\u201cNo es la primera vez que pasa que hay diferencias sobre la pol\u00edtica econ\u00f3mica y pedidos que a veces no se pueden acordar tan r\u00e1pidamente\u201d, dijeron en Balcarce 50 en haras de relativizar los chispazos.<strong>&nbsp;Y se\u00f1alaron que \u201cfalta mucho\u201d para llegar a la instancia clave de eventuales vetos del Presidente a proyectos que, como los de jubilaciones y financiamiento universitario, ponen contra las cuerdas a Milei.<\/strong><\/p>\n\n\n\n<p>As\u00ed, en el Gobierno\u00a0<strong>proyectan un encuentro, posiblemente de Francos, con unos cinco gobernadores que ser\u00edan seleccionados por ellos mismos.\u00a0<\/strong>Es decir, que repetir\u00edan el infructuoso esquema aplicado hace dos semanas.<\/p>\n\n\n\n<p>Entonces fueron a la Casa de Gobierno&nbsp;<strong>Ra\u00fal Jalil&nbsp;<\/strong>(Catamarca),<strong>Ignacio Torres<\/strong>(Chubut),<strong>Sergio Ziliotto<\/strong>(La Pampa),<strong>Claudio Vidal&nbsp;<\/strong>(Santa Cruz) y la vicegobernadora de Mart\u00edn Llaryora (C\u00f3rdoba). Esta vez se ver\u00e1 a qui\u00e9nes eligen, si es que deciden aceptar el llamado del poder central.<\/p>\n\n\n\n<p>Es que los caciques del interior vienen congreg\u00e1ndose de manera cada vez m\u00e1s frecuente y multitudinaria, pero no lograron los avances que esperaban. Manifestaron su incomodidad por distintas v\u00edas. Primero, en comunicados y en declaraciones p\u00fablicas, representantes de la \u201cliga\u201d hicieron sentir su malestar por los&nbsp;<strong>fondos coparticipables, la baja de la recaudaci\u00f3n y la necesidad de cambiar el esquema del impuesto a los combustibles&nbsp;<\/strong>desde sus reuniones en el Centro Federal de Inversiones (CFI).<\/p>\n\n\n\n<p>Tambi\u00e9n fueron a la Casa Rosada, y les transmitieron sus inquietudes al jefe de Gabinete,&nbsp;<strong>Guillermo Francos,&nbsp;<\/strong>y al secretario de Hacienda,&nbsp;<strong>Carlos Guberman,&nbsp;<\/strong>de quien recibieron una contrapropuesta que consideraron insuficiente.<\/p>\n\n\n\n<p>Finalmente, esta semana arremetieron con hechos concretos. Diputados de provincias aliadas, o de fuerzas locales que suelen acompa\u00f1ar al Gobierno, dieron qu\u00f3rum para tratar la emergencia pedi\u00e1trica en el Hospital Garrahan, anteayer.<\/p>\n\n\n\n<p>El Gobierno sufri\u00f3 y sigui\u00f3 de cerca aquella sesi\u00f3n, y festej\u00f3 por lo bajo cuando se derrumb\u00f3 por las peleas a flor de piel incitadas por legisladoras kirchneristas -y azuzada por los propios libertarios-. Pero ayer volvi\u00f3 a recibir un cachetazo, cuando, en el Senado, la Comisi\u00f3n de Presupuesto dictamin\u00f3 a favor de los proyectos de mejora para los jubilados, que ten\u00eda media sanci\u00f3n, y qued\u00f3 listo para tratarse en el recinto. Adem\u00e1s, avanzaron dos proyectos impulsados por los gobernadores, de reparto de fondos para las provincias (ATN) y cambiar el impuesto a los combustibles.<\/p>\n\n\n\n<p>Adem\u00e1s, de avanzar con el&nbsp;<strong>dictamen del proyecto de ley que mejora las golpeadas jubilaciones y reactiva la moratoria previsional, hizo lo propio con la emergencia en discapacidad,<\/strong>&nbsp;otro tema acuciante cuyos avances enojan al Gobierno.<\/p>\n\n\n\n<p>Milei y sus ministros y secretarios acusan a la oposici\u00f3n, m\u00e1s all\u00e1 de las causas, de atentar contra el plan fiscal. Y si bien ya se adelantaron a anunciar vetos, saben que necesitar\u00e1n de los apoyos de esos gobernadores en el Congreso para sostenerlos una vez emitidos<em>.<\/em><\/p>\n\n\n\n<p>En el Senado est\u00e1n a\u00fan m\u00e1s complicados que en Diputados, no s\u00f3lo por las proporciones, sino por la p\u00e9sima relaci\u00f3n que mantienen con la mandam\u00e1s de la C\u00e1mara alta,&nbsp;<strong>Victoria Villarruel.&nbsp;<\/strong>Ayer tem\u00edan que la oposici\u00f3n logre avanzar con una nueva convocatoria a una sesi\u00f3n especial, porque la decisi\u00f3n, en \u00faltima instancia, que corresponde a la vicepresidenta y titular de la C\u00e1mara alta<strong>. Si se realiza,<\/strong>&nbsp;los opositores podr\u00edan obtener el visto bueno no s\u00f3lo para la automatizaci\u00f3n del giro a provincias de los ATN, la eliminaci\u00f3n de fondos y la modificaci\u00f3n de asignaciones del impuesto a los combustibles para la redistribuci\u00f3n hacia los distritos,&nbsp;<strong>sino que podr\u00edan agregar otros temas urticantes para los libertarios<\/strong>.<\/p>\n\n\n\n<p>De todas formas, aunque conciliadores, en Gobierno intentan no mostrarse apurados para negociar. \u201cYa nos vamos a volver a sentar\u201d, dijeron, confiados.<\/p>\n\n\n\n<p>Fuente: Infobae<\/p>\n","protected":false},"excerpt":{"rendered":"<p>En Casa Rosada evitan criticar directamente a los gobernadores por el impl\u00edcito aval que dieron, a trav\u00e9s de sus legisladores,<\/p>\n","protected":false},"author":1,"featured_media":16606,"comment_status":"open","ping_status":"open","sticky":false,"template":"","format":"standard","meta":{"colormag_page_container_layout":"default_layout","colormag_page_sidebar_layout":"default_layout","footnotes":""},"categories":[5,7,8],"tags":[],"class_list":["post-16605","post","type-post","status-publish","format-standard","has-post-thumbnail","hentry","category-nacionales","category-politica","category-ultimas-noticias"],"_links":{"self":[{"href":"https:\/\/notipampa.com\/index.php?rest_route=\/wp\/v2\/posts\/16605","targetHints":{"allow":["GET"]}}],"collection":[{"href":"https:\/\/notipampa.com\/index.php?rest_route=\/wp\/v2\/posts"}],"about":[{"href":"https:\/\/notipampa.com\/index.php?rest_route=\/wp\/v2\/types\/post"}],"author":[{"embeddable":true,"href":"https:\/\/notipampa.com\/index.php?rest_route=\/wp\/v2\/users\/1"}],"replies":[{"embeddable":true,"href":"https:\/\/notipampa.com\/index.php?rest_route=%2Fwp%2Fv2%2Fcomments&post=16605"}],"version-history":[{"count":2,"href":"https:\/\/notipampa.com\/index.php?rest_route=\/wp\/v2\/posts\/16605\/revisions"}],"predecessor-version":[{"id":16612,"href":"https:\/\/notipampa.com\/index.php?rest_route=\/wp\/v2\/posts\/16605\/revisions\/16612"}],"wp:featuredmedia":[{"embeddable":true,"href":"https:\/\/notipampa.com\/index.php?rest_route=\/wp\/v2\/media\/16606"}],"wp:attachment":[{"href":"https:\/\/notipampa.com\/index.php?rest_route=%2Fwp%2Fv2%2Fmedia&parent=16605"}],"wp:term":[{"taxonomy":"category","embeddable":true,"href":"https:\/\/notipampa.com\/index.php?rest_route=%2Fwp%2Fv2%2Fcategories&post=16605"},{"taxonomy":"post_tag","embeddable":true,"href":"https:\/\/notipampa.com\/index.php?rest_route=%2Fwp%2Fv2%2Ftags&post=16605"}],"curies":[{"name":"wp","href":"https:\/\/api.w.org\/{rel}","templated":true}]}}