{"id":16602,"date":"2025-07-04T07:43:21","date_gmt":"2025-07-04T10:43:21","guid":{"rendered":"https:\/\/notipampa.com\/?p=16602"},"modified":"2025-07-04T07:43:22","modified_gmt":"2025-07-04T10:43:22","slug":"la-unlpam-celebra-su-acto-de-colacion-en-general-pico-28-nuevos-profesionales-recibiran-sus-titulos","status":"publish","type":"post","link":"https:\/\/notipampa.com\/?p=16602","title":{"rendered":"La UNLPam celebra su acto de colaci\u00f3n en General Pico: 28 nuevos profesionales recibir\u00e1n sus t\u00edtulos"},"content":{"rendered":"\n<p><strong>La Universidad Nacional de La Pampa (UNLPam) se prepara para uno de sus eventos m\u00e1s significativos del a\u00f1o en la ciudad. Este viernes, el Auditorio de la Facultad de Ciencias Veterinarias ser\u00e1 el escenario del solemne acto acad\u00e9mico de colaci\u00f3n, donde 28 egresados y egresadas de distintas facultades recibir\u00e1n sus tan anhelados t\u00edtulos profesionales.<\/strong><\/p>\n\n\n\n<p>La ceremonia est\u00e1 programada para las 16:00 horas y contar\u00e1 con la presencia de las m\u00e1ximas autoridades universitarias, incluyendo al rector de la UNLPam, Oscar Daniel Alpa, y la vicedecana de la Facultad de Ciencias Humanas, Ver\u00f3nica Zucchini, adem\u00e1s de directivos de las facultades de Ciencias Veterinarias e Ingenier\u00eda.<\/p>\n\n\n\n<p>Seg\u00fan informaron desde la casa de altos estudios, la Secretar\u00eda de T\u00edtulos convoc\u00f3 el pasado lunes a los flamantes profesionales para la firma de los diplomas que se entregar\u00e1n en el acto.<\/p>\n\n\n\n<p>Un momento destacado de la jornada ser\u00e1 el discurso en representaci\u00f3n de los graduados, que estar\u00e1 a cargo de Estefan\u00eda Micaela Torres, egresada del Profesorado en Ciencias de la Educaci\u00f3n de la Facultad de Ciencias Humanas. Posteriormente, el rector Alpa dirigir\u00e1 unas palabras a los presentes, antes de dar paso al juramento y la entrega de diplomas.<\/p>\n\n\n\n<p>Desde la UNLPam adelantaron que el pr\u00f3ximo viernes 11 de julio se llevar\u00e1 a cabo una ceremonia similar en la ciudad de Santa Rosa.<\/p>\n\n\n\n<p>A continuaci\u00f3n, el listado completo de los profesionales que recibir\u00e1n su diploma en General Pico:<\/p>\n\n\n\n<h3 class=\"wp-block-heading\"><strong>Facultad de Ciencias Humanas<\/strong><\/h3>\n\n\n\n<ul class=\"wp-block-list\">\n<li><strong>Profesora de Nivel Secundario en Lengua y Literatura:<\/strong>\n<ul class=\"wp-block-list\">\n<li>Medero, Brenda Romina<\/li>\n<\/ul>\n<\/li>\n\n\n\n<li><strong>Profesor en Ciencias de la Educaci\u00f3n:<\/strong>\n<ul class=\"wp-block-list\">\n<li>Bustamante, Alan Jes\u00fas<\/li>\n\n\n\n<li>Lamberti Narvaez, Tomas Agust\u00edn<\/li>\n\n\n\n<li>Lazarte, Salome<\/li>\n\n\n\n<li>Sarraga, Caterine Alexandra<\/li>\n\n\n\n<li>Torres, Estefan\u00eda Micaela<\/li>\n<\/ul>\n<\/li>\n\n\n\n<li><strong>Profesora en Educaci\u00f3n Inicial:<\/strong>\n<ul class=\"wp-block-list\">\n<li>Formigo, Aldana Jaqueline<\/li>\n\n\n\n<li>Halatino Ag\u00fcero, Sof\u00eda<\/li>\n\n\n\n<li>Peinetti, Sof\u00eda Milagros<\/li>\n<\/ul>\n<\/li>\n\n\n\n<li><strong>Profesora en Educaci\u00f3n Primaria:<\/strong>\n<ul class=\"wp-block-list\">\n<li>Baigorria, Zaira Marlene<\/li>\n\n\n\n<li>Tomassi, Florencia Macarena<\/li>\n<\/ul>\n<\/li>\n\n\n\n<li><strong>Especialista en Docencia en Educaci\u00f3n Superior:<\/strong>\n<ul class=\"wp-block-list\">\n<li>Minetti, Yamila Soledad<\/li>\n<\/ul>\n<\/li>\n<\/ul>\n\n\n\n<h3 class=\"wp-block-heading\"><strong>Facultad de Ciencias Veterinarias<\/strong><\/h3>\n\n\n\n<ul class=\"wp-block-list\">\n<li><strong>M\u00e9dico Veterinario:<\/strong>\n<ul class=\"wp-block-list\">\n<li>Balbidare, Joaqu\u00edn Hugo<\/li>\n\n\n\n<li>Barth, Juliana Gabriela<\/li>\n\n\n\n<li>Melendez, Rebeca<\/li>\n\n\n\n<li>Varela, Mar\u00eda Micaela<\/li>\n<\/ul>\n<\/li>\n\n\n\n<li><strong>T\u00e9cnica Universitaria en Gesti\u00f3n y Tecnolog\u00eda de Alimentos:<\/strong>\n<ul class=\"wp-block-list\">\n<li>Mini, Melisa Soledad<\/li>\n<\/ul>\n<\/li>\n<\/ul>\n\n\n\n<h3 class=\"wp-block-heading\"><strong>Facultad de Ingenier\u00eda<\/strong><\/h3>\n\n\n\n<ul class=\"wp-block-list\">\n<li><strong>Analista Programador:<\/strong>\n<ul class=\"wp-block-list\">\n<li>C\u00f3rdoba Beneitez, Juli\u00e1n Gabriel<\/li>\n\n\n\n<li>Hidalgo, Agust\u00edn Nicol\u00e1s<\/li>\n\n\n\n<li>Lasca, Tomas Agust\u00edn<\/li>\n\n\n\n<li>Pereyra, Federico David<\/li>\n\n\n\n<li>Rojas, Cinthia Magal\u00ed<\/li>\n\n\n\n<li>Valinotti, Juli\u00e1n<\/li>\n<\/ul>\n<\/li>\n\n\n\n<li><strong>Ingeniero Electromec\u00e1nico:<\/strong>\n<ul class=\"wp-block-list\">\n<li>Chiamba, Cristian Ezequiel<\/li>\n\n\n\n<li>Formaggio, Pablo Ariel<\/li>\n\n\n\n<li>Salm, Alejandro Gabriel<\/li>\n<\/ul>\n<\/li>\n\n\n\n<li><strong>Ingeniero Industrial:<\/strong>\n<ul class=\"wp-block-list\">\n<li>Osella, Alain<\/li>\n\n\n\n<li>Sola, Tom\u00e1s Valent\u00edn<\/li>\n<\/ul>\n<\/li>\n<\/ul>\n","protected":false},"excerpt":{"rendered":"<p>La Universidad Nacional de La Pampa (UNLPam) se prepara para uno de sus eventos m\u00e1s significativos del a\u00f1o en la<\/p>\n","protected":false},"author":1,"featured_media":16603,"comment_status":"open","ping_status":"open","sticky":false,"template":"","format":"standard","meta":{"colormag_page_container_layout":"default_layout","colormag_page_sidebar_layout":"default_layout","footnotes":""},"categories":[54,4,8],"tags":[],"class_list":["post-16602","post","type-post","status-publish","format-standard","has-post-thumbnail","hentry","category-educacion","category-provincia","category-ultimas-noticias"],"_links":{"self":[{"href":"https:\/\/notipampa.com\/index.php?rest_route=\/wp\/v2\/posts\/16602","targetHints":{"allow":["GET"]}}],"collection":[{"href":"https:\/\/notipampa.com\/index.php?rest_route=\/wp\/v2\/posts"}],"about":[{"href":"https:\/\/notipampa.com\/index.php?rest_route=\/wp\/v2\/types\/post"}],"author":[{"embeddable":true,"href":"https:\/\/notipampa.com\/index.php?rest_route=\/wp\/v2\/users\/1"}],"replies":[{"embeddable":true,"href":"https:\/\/notipampa.com\/index.php?rest_route=%2Fwp%2Fv2%2Fcomments&post=16602"}],"version-history":[{"count":1,"href":"https:\/\/notipampa.com\/index.php?rest_route=\/wp\/v2\/posts\/16602\/revisions"}],"predecessor-version":[{"id":16604,"href":"https:\/\/notipampa.com\/index.php?rest_route=\/wp\/v2\/posts\/16602\/revisions\/16604"}],"wp:featuredmedia":[{"embeddable":true,"href":"https:\/\/notipampa.com\/index.php?rest_route=\/wp\/v2\/media\/16603"}],"wp:attachment":[{"href":"https:\/\/notipampa.com\/index.php?rest_route=%2Fwp%2Fv2%2Fmedia&parent=16602"}],"wp:term":[{"taxonomy":"category","embeddable":true,"href":"https:\/\/notipampa.com\/index.php?rest_route=%2Fwp%2Fv2%2Fcategories&post=16602"},{"taxonomy":"post_tag","embeddable":true,"href":"https:\/\/notipampa.com\/index.php?rest_route=%2Fwp%2Fv2%2Ftags&post=16602"}],"curies":[{"name":"wp","href":"https:\/\/api.w.org\/{rel}","templated":true}]}}