{"id":16316,"date":"2025-06-04T08:32:27","date_gmt":"2025-06-04T11:32:27","guid":{"rendered":"https:\/\/notipampa.com\/?p=16316"},"modified":"2025-06-04T08:32:29","modified_gmt":"2025-06-04T11:32:29","slug":"ziliotto-participo-de-reunion-federal-con-otros-22-gobernadores","status":"publish","type":"post","link":"https:\/\/notipampa.com\/?p=16316","title":{"rendered":"Ziliotto particip\u00f3 de reuni\u00f3n federal con otros 22 gobernadores"},"content":{"rendered":"\n<p><strong>Mandatarios de todos los signos pol\u00edticos coincidieron en la preocupante situaci\u00f3n de las finanzas provinciales.\u00a0Asimismo, concordaron en que la merma de ingresos es inversamente proporcional a las responsabilidades que han debido asumir las provincias ante el retiro del Gobierno nacional. \u00a0<\/strong><\/p>\n\n\n\n<p>El gobernador, Sergio Ziliotto, precis\u00f3 que junto a los dem\u00e1s mandatarios decidieron avanzar \u201cen conjunto y consensuar acciones que nos permitan recuperar recursos que nos pertenecen y son imprescindibles para cumplir con las crecientes responsabilidades que asumimos diariamente\u201d.<br>\u201cHoy, el sostenimiento de la salud, la educaci\u00f3n, la seguridad, la justicia, la contenci\u00f3n social y la obra p\u00fablica es responsabilidad de las provincias\u201d, subray\u00f3 el mandatario pampeano.<br>Ziliotto enfatiz\u00f3 que \u201cen este contexto tan dif\u00edcil, la unidad de las provincias debe transformarse en una estrategia federal para proteger los derechos de nuestra gente\u201d.<\/p>\n\n\n\n<p><strong>Nueva reuni\u00f3n<\/strong><br>Los gobernadores determinaron la realizaci\u00f3n de una pr\u00f3xima reuni\u00f3n en el corto plazo, mientras elaboran estrategias conjuntas que permitan recuperar los recursos que les corresponden a los estados federales.<\/p>\n\n\n\n<p><strong>Menos recursos, m\u00e1s responsabilidades<\/strong><br>Desde que asumi\u00f3 esta gesti\u00f3n nacional se ha producido una permanente transferencia de responsabilidades a los estados provinciales sin los recursos correspondientes.&nbsp;La situaci\u00f3n abarca distintas \u00e1reas neur\u00e1lgicas y de enorme sensibilidad social como son la salud, la educaci\u00f3n, la seguridad y las obras p\u00fablicas en general que, b\u00e1sicamente, han provocado la falta de nueva infraestructura, el deterioro de la que est\u00e1 en uso, adem\u00e1s de la ca\u00edda del empleo registrado que estas generan.<\/p>\n","protected":false},"excerpt":{"rendered":"<p>Mandatarios de todos los signos pol\u00edticos coincidieron en la preocupante situaci\u00f3n de las finanzas provinciales.\u00a0Asimismo, concordaron en que la merma<\/p>\n","protected":false},"author":1,"featured_media":16317,"comment_status":"open","ping_status":"open","sticky":false,"template":"","format":"standard","meta":{"colormag_page_container_layout":"default_layout","colormag_page_sidebar_layout":"default_layout","footnotes":""},"categories":[7,4,8],"tags":[],"class_list":["post-16316","post","type-post","status-publish","format-standard","has-post-thumbnail","hentry","category-politica","category-provincia","category-ultimas-noticias"],"_links":{"self":[{"href":"https:\/\/notipampa.com\/index.php?rest_route=\/wp\/v2\/posts\/16316","targetHints":{"allow":["GET"]}}],"collection":[{"href":"https:\/\/notipampa.com\/index.php?rest_route=\/wp\/v2\/posts"}],"about":[{"href":"https:\/\/notipampa.com\/index.php?rest_route=\/wp\/v2\/types\/post"}],"author":[{"embeddable":true,"href":"https:\/\/notipampa.com\/index.php?rest_route=\/wp\/v2\/users\/1"}],"replies":[{"embeddable":true,"href":"https:\/\/notipampa.com\/index.php?rest_route=%2Fwp%2Fv2%2Fcomments&post=16316"}],"version-history":[{"count":1,"href":"https:\/\/notipampa.com\/index.php?rest_route=\/wp\/v2\/posts\/16316\/revisions"}],"predecessor-version":[{"id":16318,"href":"https:\/\/notipampa.com\/index.php?rest_route=\/wp\/v2\/posts\/16316\/revisions\/16318"}],"wp:featuredmedia":[{"embeddable":true,"href":"https:\/\/notipampa.com\/index.php?rest_route=\/wp\/v2\/media\/16317"}],"wp:attachment":[{"href":"https:\/\/notipampa.com\/index.php?rest_route=%2Fwp%2Fv2%2Fmedia&parent=16316"}],"wp:term":[{"taxonomy":"category","embeddable":true,"href":"https:\/\/notipampa.com\/index.php?rest_route=%2Fwp%2Fv2%2Fcategories&post=16316"},{"taxonomy":"post_tag","embeddable":true,"href":"https:\/\/notipampa.com\/index.php?rest_route=%2Fwp%2Fv2%2Ftags&post=16316"}],"curies":[{"name":"wp","href":"https:\/\/api.w.org\/{rel}","templated":true}]}}