{"id":16308,"date":"2025-06-03T12:21:28","date_gmt":"2025-06-03T15:21:28","guid":{"rendered":"https:\/\/notipampa.com\/?p=16308"},"modified":"2025-06-03T12:21:29","modified_gmt":"2025-06-03T15:21:29","slug":"ciclo-coreamus-en-alvear-un-emotivo-encuentro-coral-en-la-vieja-usina","status":"publish","type":"post","link":"https:\/\/notipampa.com\/?p=16308","title":{"rendered":"Ciclo CoreaMus en Alvear: un emotivo encuentro coral en La Vieja Usina"},"content":{"rendered":"\n<p><strong>Esta edici\u00f3n del ciclo fue posible gracias a la articulaci\u00f3n entre la Secretar\u00eda de Cultura del Gobierno de La Pampa y la Municipalidad de Intendente Alvear, a trav\u00e9s de su Direcci\u00f3n de Cultura y Turismo, y se enmarc\u00f3 dentro de las pol\u00edticas culturales que fomentan el acceso y la participaci\u00f3n comunitaria en las expresiones art\u00edsticas colectivas.<\/strong><\/p>\n\n\n\n<p>El acto comenz\u00f3 con palabras de bienvenida de la Directora de Cultura municipal Yamila Bertolotti, resaltando el valor de la m\u00fasica coral como herramienta de encuentro, identidad y pertenencia, e invitando a los presentes a abrir sus sentidos para vivir una verdadera celebraci\u00f3n del canto compartido.<\/p>\n\n\n\n<p>En esta oportunidad, el Coro Provincial comparti\u00f3 escenario con dos agrupaciones locales, que aportaron su impronta y sensibilidad a la velada:<\/p>\n\n\n\n<ul class=\"wp-block-list\">\n<li>Coro \u201cCanto a la Vida<strong>\u201d<\/strong>\u00a0de Intendente Alvear; fundado y dirigido originalmente por Mariana S\u00e1nchez y actualmente bajo la direcci\u00f3n de\u00a0<strong>Nieves Cabral Rom\u00e1n<\/strong>, este coro re\u00fane a vecinos y vecinas adultos mayores, en torno a un repertorio que honra al cancionero popular argentino. Llenas de emoci\u00f3n y con un afinado estilo, estuvieron acompa\u00f1adas por Omar Benito, ejecutando con maestr\u00eda su bandone\u00f3n. Sus interpretaciones se caracterizan por transmitir identidad, emoci\u00f3n y el esp\u00edritu colectivo que da sentido a la pr\u00e1ctica coral. En su vasta trayectoria han visitado diversos escenarios de la provincia y del pa\u00eds, participando en varias oportunidades del encuentro Internacional de Coros de Adultos Mayores en la provincia de C\u00f3rdoba.<\/li>\n<\/ul>\n\n\n\n<figure class=\"wp-block-image size-large\"><img fetchpriority=\"high\" decoding=\"async\" width=\"1024\" height=\"461\" src=\"https:\/\/notipampa.com\/wp-content\/uploads\/2025\/06\/Imagen-de-WhatsApp-2025-06-02-a-las-12.11.54_25f2921c-1-1024x461.jpg\" alt=\"\" class=\"wp-image-16311\" srcset=\"https:\/\/notipampa.com\/wp-content\/uploads\/2025\/06\/Imagen-de-WhatsApp-2025-06-02-a-las-12.11.54_25f2921c-1-1024x461.jpg 1024w, https:\/\/notipampa.com\/wp-content\/uploads\/2025\/06\/Imagen-de-WhatsApp-2025-06-02-a-las-12.11.54_25f2921c-1-300x135.jpg 300w, https:\/\/notipampa.com\/wp-content\/uploads\/2025\/06\/Imagen-de-WhatsApp-2025-06-02-a-las-12.11.54_25f2921c-1-768x346.jpg 768w, https:\/\/notipampa.com\/wp-content\/uploads\/2025\/06\/Imagen-de-WhatsApp-2025-06-02-a-las-12.11.54_25f2921c-1-1536x691.jpg 1536w, https:\/\/notipampa.com\/wp-content\/uploads\/2025\/06\/Imagen-de-WhatsApp-2025-06-02-a-las-12.11.54_25f2921c-1.jpg 1600w\" sizes=\"(max-width: 1024px) 100vw, 1024px\" \/><\/figure>\n\n\n\n<ul class=\"wp-block-list\">\n<li>Ensamble \u201cAlma Pampa\u201d, una agrupaci\u00f3n vocal de mujeres que propone una experiencia art\u00edstica desde el coraz\u00f3n y la expresi\u00f3n \u00edntima del canto compartido. Bajo la direcci\u00f3n de\u00a0<strong>Florencia Fern\u00e1ndez<\/strong>\u00a0y con el acompa\u00f1amiento instrumental de\u00a0<strong>Bauti Gonz\u00e1lez<\/strong>, su repertorio es variado, sensible y profundamente conectado con las vivencias de sus integrantes. El cuerpo de voces supo transmitir a los presentes obras originales tanto de autores argentinos como extranjeros, siempre destacando la amplitud vocal de sus integrantes.<\/li>\n<\/ul>\n\n\n\n<figure class=\"wp-block-image size-large\"><img decoding=\"async\" width=\"1024\" height=\"461\" src=\"https:\/\/notipampa.com\/wp-content\/uploads\/2025\/06\/Imagen-de-WhatsApp-2025-06-02-a-las-12.11.53_1d916c05-1024x461.jpg\" alt=\"\" class=\"wp-image-16312\" srcset=\"https:\/\/notipampa.com\/wp-content\/uploads\/2025\/06\/Imagen-de-WhatsApp-2025-06-02-a-las-12.11.53_1d916c05-1024x461.jpg 1024w, https:\/\/notipampa.com\/wp-content\/uploads\/2025\/06\/Imagen-de-WhatsApp-2025-06-02-a-las-12.11.53_1d916c05-300x135.jpg 300w, https:\/\/notipampa.com\/wp-content\/uploads\/2025\/06\/Imagen-de-WhatsApp-2025-06-02-a-las-12.11.53_1d916c05-768x346.jpg 768w, https:\/\/notipampa.com\/wp-content\/uploads\/2025\/06\/Imagen-de-WhatsApp-2025-06-02-a-las-12.11.53_1d916c05-1536x691.jpg 1536w, https:\/\/notipampa.com\/wp-content\/uploads\/2025\/06\/Imagen-de-WhatsApp-2025-06-02-a-las-12.11.53_1d916c05.jpg 1600w\" sizes=\"(max-width: 1024px) 100vw, 1024px\" \/><\/figure>\n\n\n\n<p>El evento cont\u00f3 con el destacado cierre del&nbsp;<strong>Coro Provincial de La Pampa<\/strong>, dirigido por el maestro&nbsp;<strong>Mario Figueroa<\/strong>, con preparaci\u00f3n vocal a cargo de la licenciada&nbsp;<strong>Hana Fern\u00e1ndez<\/strong>. Cabe destacar que su director, permanece muy unido a esta localidad siendo un fiel promotor de la actividad coral, reconocido por su trayectoria y formaci\u00f3n de generaciones de coreutas locales; como muestra de su vocaci\u00f3n y experiencia, el coro interpret\u00f3 varios temas del cancionero popular invitando a un cierre a pura emoci\u00f3n reuniendo en una misma interpretaci\u00f3n a todas los integrantes del coro Canto a la Vida, el ensamble Alma Pampa y a todo el p\u00fablico presente. Al momento de los agradecimientos y entrega de presentes, Mario Figueroa dirigi\u00f3 unas sentidas palabras de reconocimiento para Mariana S\u00e1nchez, quien recibi\u00f3 un merecido obsequio de parte de la Asociaci\u00f3n Coral La Pampa. La Municipalidad de Intendente Alvear agradece especialmente a la Secretar\u00eda de Cultura de La Pampa, a los directores y directoras de los cuerpos corales participantes, y al p\u00fablico que acompa\u00f1\u00f3 esta noche inolvidable, donde la m\u00fasica y el trabajo colectivo fueron protagonistas<\/p>\n\n\n\n<figure class=\"wp-block-image size-large\"><img decoding=\"async\" width=\"1024\" height=\"576\" src=\"https:\/\/notipampa.com\/wp-content\/uploads\/2025\/06\/Imagen-de-WhatsApp-2025-06-02-a-las-08.26.07_0d531c45-1024x576.jpg\" alt=\"\" class=\"wp-image-16313\" srcset=\"https:\/\/notipampa.com\/wp-content\/uploads\/2025\/06\/Imagen-de-WhatsApp-2025-06-02-a-las-08.26.07_0d531c45-1024x576.jpg 1024w, https:\/\/notipampa.com\/wp-content\/uploads\/2025\/06\/Imagen-de-WhatsApp-2025-06-02-a-las-08.26.07_0d531c45-300x169.jpg 300w, https:\/\/notipampa.com\/wp-content\/uploads\/2025\/06\/Imagen-de-WhatsApp-2025-06-02-a-las-08.26.07_0d531c45-768x432.jpg 768w, https:\/\/notipampa.com\/wp-content\/uploads\/2025\/06\/Imagen-de-WhatsApp-2025-06-02-a-las-08.26.07_0d531c45-1536x864.jpg 1536w, https:\/\/notipampa.com\/wp-content\/uploads\/2025\/06\/Imagen-de-WhatsApp-2025-06-02-a-las-08.26.07_0d531c45-2048x1152.jpg 2048w\" sizes=\"(max-width: 1024px) 100vw, 1024px\" \/><\/figure>\n","protected":false},"excerpt":{"rendered":"<p>Esta edici\u00f3n del ciclo fue posible gracias a la articulaci\u00f3n entre la Secretar\u00eda de Cultura del Gobierno de La Pampa<\/p>\n","protected":false},"author":1,"featured_media":16309,"comment_status":"open","ping_status":"open","sticky":false,"template":"","format":"standard","meta":{"colormag_page_container_layout":"default_layout","colormag_page_sidebar_layout":"default_layout","footnotes":""},"categories":[3,6,8],"tags":[],"class_list":["post-16308","post","type-post","status-publish","format-standard","has-post-thumbnail","hentry","category-entretenimiento","category-locales","category-ultimas-noticias"],"_links":{"self":[{"href":"https:\/\/notipampa.com\/index.php?rest_route=\/wp\/v2\/posts\/16308","targetHints":{"allow":["GET"]}}],"collection":[{"href":"https:\/\/notipampa.com\/index.php?rest_route=\/wp\/v2\/posts"}],"about":[{"href":"https:\/\/notipampa.com\/index.php?rest_route=\/wp\/v2\/types\/post"}],"author":[{"embeddable":true,"href":"https:\/\/notipampa.com\/index.php?rest_route=\/wp\/v2\/users\/1"}],"replies":[{"embeddable":true,"href":"https:\/\/notipampa.com\/index.php?rest_route=%2Fwp%2Fv2%2Fcomments&post=16308"}],"version-history":[{"count":1,"href":"https:\/\/notipampa.com\/index.php?rest_route=\/wp\/v2\/posts\/16308\/revisions"}],"predecessor-version":[{"id":16314,"href":"https:\/\/notipampa.com\/index.php?rest_route=\/wp\/v2\/posts\/16308\/revisions\/16314"}],"wp:featuredmedia":[{"embeddable":true,"href":"https:\/\/notipampa.com\/index.php?rest_route=\/wp\/v2\/media\/16309"}],"wp:attachment":[{"href":"https:\/\/notipampa.com\/index.php?rest_route=%2Fwp%2Fv2%2Fmedia&parent=16308"}],"wp:term":[{"taxonomy":"category","embeddable":true,"href":"https:\/\/notipampa.com\/index.php?rest_route=%2Fwp%2Fv2%2Fcategories&post=16308"},{"taxonomy":"post_tag","embeddable":true,"href":"https:\/\/notipampa.com\/index.php?rest_route=%2Fwp%2Fv2%2Ftags&post=16308"}],"curies":[{"name":"wp","href":"https:\/\/api.w.org\/{rel}","templated":true}]}}