{"id":16255,"date":"2025-05-26T18:58:44","date_gmt":"2025-05-26T21:58:44","guid":{"rendered":"https:\/\/notipampa.com\/?p=16255"},"modified":"2025-05-26T19:00:11","modified_gmt":"2025-05-26T22:00:11","slug":"el-coro-provincial-de-la-pampa-ofrecera-un-concierto-especial-en-intendente-alvear","status":"publish","type":"post","link":"https:\/\/notipampa.com\/?p=16255","title":{"rendered":"El Coro Provincial de La Pampa ofrecer\u00e1 un concierto especial en Intendente Alvear"},"content":{"rendered":"\n<p><strong>El Coro Provincial de la Secretar\u00eda de Cultura invita a la comunidad de Intendente Alvear y alrededores a disfrutar de un concierto especial el d\u00eda s\u00e1bado 31 de mayo. La presentaci\u00f3n se realizar\u00e1 en La Vieja Usina a las 20:00, en el marco del Ciclo CoreaMus, una iniciativa que el Coro lleva adelante desde 2019 para acercar la m\u00fasica coral a distintos rincones de la Provincia.<\/strong><\/p>\n\n\n\n<p>Para esta ocasi\u00f3n, el Coro Provincial, con la direcci\u00f3n del Maestro Mario Figueroa y la preparaci\u00f3n vocal a cargo de la Lic. Hana Fern\u00e1ndez, se unir\u00e1 en el escenario con dos destacadas agrupaciones: el Coro &#8220;Canto a la vida&#8221;, dirigido por Nieves Cabral Rom\u00e1n y el Ensamble Alma Pampa, con la direcci\u00f3n de Florencia Fern\u00e1ndez.<\/p>\n\n\n\n<p>El concierto que brindar\u00e1n estas tres agrupaciones corales cuenta con el auspicio de la Municipalidad de Intendente Alvear.<\/p>\n\n\n\n<p>Desde el 2016, el Coro Provincial viene demostrando un compromiso constante con la difusi\u00f3n de la m\u00fasica, realizando producciones audiovisuales, conciertos did\u00e1cticos, flashmobs y participando en importantes festivales nacionales e internacionales. Lleva adelante el Ciclo \u201cCoreaMus\u201d, ensayos abiertos y conciertos que se desarrollan en museos y espacios culturales de toda La Pampa.<\/p>\n\n\n\n<p>Interpretaron obras significativas, compartido escenario con agrupaciones de renombre como el &#8220;Grupo vocal argentino&#8221;, participado en programas de televisi\u00f3n nacional como &#8220;Un\u00edsono&#8221; del INAMU, y fue parte de proyectos internacionales como &#8220;Voces de Latinoam\u00e9rica&#8221;.<\/p>\n\n\n\n<p>Su compromiso con la cultura pampeana y su constante b\u00fasqueda de innovaci\u00f3n se reflejan en sus espect\u00e1culos, como el integral &#8220;Solo cantamos&#8221; con composiciones de autores y autoras contempor\u00e1neas de La Pampa o la interpretaci\u00f3n de la Misa Criolla en la Catedral de Santa Rosa junto a Facundo Ram\u00edrez y su grupo.<\/p>\n","protected":false},"excerpt":{"rendered":"<p>El Coro Provincial de la Secretar\u00eda de Cultura invita a la comunidad de Intendente Alvear y alrededores a disfrutar de<\/p>\n","protected":false},"author":1,"featured_media":16256,"comment_status":"open","ping_status":"open","sticky":false,"template":"","format":"standard","meta":{"colormag_page_container_layout":"default_layout","colormag_page_sidebar_layout":"default_layout","footnotes":""},"categories":[3,6,8],"tags":[],"class_list":["post-16255","post","type-post","status-publish","format-standard","has-post-thumbnail","hentry","category-entretenimiento","category-locales","category-ultimas-noticias"],"_links":{"self":[{"href":"https:\/\/notipampa.com\/index.php?rest_route=\/wp\/v2\/posts\/16255","targetHints":{"allow":["GET"]}}],"collection":[{"href":"https:\/\/notipampa.com\/index.php?rest_route=\/wp\/v2\/posts"}],"about":[{"href":"https:\/\/notipampa.com\/index.php?rest_route=\/wp\/v2\/types\/post"}],"author":[{"embeddable":true,"href":"https:\/\/notipampa.com\/index.php?rest_route=\/wp\/v2\/users\/1"}],"replies":[{"embeddable":true,"href":"https:\/\/notipampa.com\/index.php?rest_route=%2Fwp%2Fv2%2Fcomments&post=16255"}],"version-history":[{"count":1,"href":"https:\/\/notipampa.com\/index.php?rest_route=\/wp\/v2\/posts\/16255\/revisions"}],"predecessor-version":[{"id":16257,"href":"https:\/\/notipampa.com\/index.php?rest_route=\/wp\/v2\/posts\/16255\/revisions\/16257"}],"wp:featuredmedia":[{"embeddable":true,"href":"https:\/\/notipampa.com\/index.php?rest_route=\/wp\/v2\/media\/16256"}],"wp:attachment":[{"href":"https:\/\/notipampa.com\/index.php?rest_route=%2Fwp%2Fv2%2Fmedia&parent=16255"}],"wp:term":[{"taxonomy":"category","embeddable":true,"href":"https:\/\/notipampa.com\/index.php?rest_route=%2Fwp%2Fv2%2Fcategories&post=16255"},{"taxonomy":"post_tag","embeddable":true,"href":"https:\/\/notipampa.com\/index.php?rest_route=%2Fwp%2Fv2%2Ftags&post=16255"}],"curies":[{"name":"wp","href":"https:\/\/api.w.org\/{rel}","templated":true}]}}