{"id":16149,"date":"2025-05-13T10:34:25","date_gmt":"2025-05-13T13:34:25","guid":{"rendered":"https:\/\/notipampa.com\/?p=16149"},"modified":"2025-05-13T10:34:27","modified_gmt":"2025-05-13T13:34:27","slug":"violento-choque-frontal-entre-un-micro-y-un-camion-en-san-miguel-del-monte-al-menos-4-muertos-y-16-heridos","status":"publish","type":"post","link":"https:\/\/notipampa.com\/?p=16149","title":{"rendered":"Violento choque frontal entre un micro y un cami\u00f3n en San Miguel del Monte: al menos 4 muertos y 16 heridos"},"content":{"rendered":"\n<p><strong>Ocurri\u00f3 en la ruta 3, a la altura del kil\u00f3metro 132. Personal del Bomberos y la Polic\u00eda Bonaerense trabajan en el lugar. Hay seis personas internadas en grave estado<\/strong><\/p>\n\n\n\n<p>La localidad bonaerense de&nbsp;<strong>San Miguel del Monte&nbsp;<\/strong>fue escenario de un violento choque frontal entre un micro de larga distancia y un cami\u00f3n que dej\u00f3 como saldo&nbsp;<strong>al menos cuatro personas muertas y 16 personas heridas.<\/strong><\/p>\n\n\n\n<p>El siniestro ocurri\u00f3 esta madrugada, hacia las 5.10, en la ruta nacional N\u00ba3, a la altura del kil\u00f3metro 132, donde un \u00f3mnibus de la empresa C\u00f3ndor Estrella y un cami\u00f3n colisionaron de frente por motivos que todav\u00eda no fueron establecidos, confirmaron fuentes policiales a&nbsp;<strong>Infobae<\/strong>. Seis de los heridos son de gravedad.<\/p>\n\n\n\n<p>De acuerdo con los primeros datos, el micro circulaba en sentido a la ciudad de Buenos Aires, hasta que el cami\u00f3n se cruz\u00f3 de carril y lo impact\u00f3 de frente.&nbsp;<strong>Las identidades de las v\u00edctimas fatales todav\u00eda no fueron establecidas<\/strong>, a\u00f1adieron las fuentes consultadas por este medio.<img fetchpriority=\"high\" decoding=\"async\" alt=\"Murieron tres pasajeros del micro\" height=\"1080\" src=\"https:\/\/www.infobae.com\/resizer\/v2\/D4X7QG7V3JBHBHYQ6ZAKC25X4M.jpg?auth=023c7f8fb3d57731f6d8c9b1e7c2b08635981d4a9bc85e68037461814d65e079&amp;smart=true&amp;width=350&amp;height=197&amp;quality=85\" width=\"1920\">Murieron tres pasajeros del micro y el chofer del cami\u00f3n<\/p>\n\n\n\n<p>En el lugar trabaja una importante cantidad de ambulancias locales, varias dotaciones de bomberos de distintas localidades y de la Polic\u00eda de la Provincia de Buenos Aires. Los heridos son trasladados al hospital de esa localidad bonaerense.<\/p>\n\n\n\n<p>El tr\u00e1nsito fue completamente cortado en la ruta para llevar adelante el<strong>&nbsp;rescate de los pasajeros del micro<\/strong>. La investigaci\u00f3n del accidente qued\u00f3 a cargo de la&nbsp;<strong>UFI N\u00ba1 de Ca\u00f1uelas, del Departamento Judicial de La Plata<\/strong>.<\/p>\n\n\n\n<p>\u201cCuando llegamos hab\u00eda mucha niebla. Las causales no las conocemos\u201d, dijo a&nbsp;<em>TN<\/em>&nbsp;Francisco Guti\u00e9rrez, jefe de Bomberos de San Miguel del Monte, quien dijo que&nbsp;<strong>los fallecidos son tres pasajeros del micro y el chofer del cami\u00f3n<\/strong>.<\/p>\n\n\n\n<p>\u201cEn la ruta 3 siempre pasa algo. En ese tramo donde ocurri\u00f3 el accidente, la ruta est\u00e1 bien\u201d, agreg\u00f3. El desv\u00edo del tr\u00e1nsito se lleva adelante por la ruta 41.<\/p>\n\n\n\n<p>En ese sentido, Guti\u00e9rrez dijo que en el lugar trabajaron cuatro dotaciones de bomberos de San Miguel del Monte y otras cuatro de distintas localidades.<\/p>\n\n\n\n<p>Por su parte, Mart\u00edn Balsamello, secretario de gobierno de San Miguel del Monte, dijo al mismo canal que el corte en la ruta es total. \u201cLas condiciones de la neblina debieron jugar un papel importante en el accidente, por las condiciones de visibilidad\u201d, dijo el funcionario.&nbsp;<strong>Los heridos de gravedad est\u00e1n en un estado muy delicado<\/strong>\u201c, agreg\u00f3.<\/p>\n\n\n\n<p>\u201cLa ruta necesita reparaci\u00f3n y es un reclamo constante del Municipio al gobierno nacional\u201d, sostuvo. \u201cEs una ruta nacional con mucho tr\u00e1nsito diario. \u201dLe agradecemos a los bombeos voluntarios y al personal m\u00e9dico&#8221;, finaliz\u00f3.<\/p>\n\n\n\n<h2 class=\"wp-block-heading\">El s\u00e1bado, el \u00faltimo antecedente<\/h2>\n\n\n\n<p><a href=\"https:\/\/www.infobae.com\/sociedad\/policiales\/2025\/05\/10\/volco-en-la-ruta-8-un-micro-de-pasajeros-que-viajaba-a-retiro-y-hay-decenas-de-heridos\/\" target=\"_blank\" rel=\"noreferrer noopener\">Un choque similar tuvo lugar el s\u00e1bado pasado<\/a>. Un micro de pasajeros que viajaba en direcci\u00f3n a la Ciudad de Buenos Aires volc\u00f3 sobre la Ruta 8, en las inmediaciones de la localidad bonaerense de Capit\u00e1n Sarmiento.<\/p>\n\n\n\n<p>Por el vuelco, m\u00e1s de 50 personas tuvieron que ser trasladadas a un hospital. Seg\u00fan pudo averiguar&nbsp;<em>Infobae<\/em>, el accidente se produjo cerca de las 5 en el kil\u00f3metro 148 de la ruta nacional.<\/p>\n\n\n\n<p>\u201c<strong>Volc\u00f3 solo, qued\u00f3 en la banquina central, justo entremedio de las dos v\u00edas<\/strong>\u201d, indic\u00f3 Agust\u00edn Arana, jefe del equipo de Bomberos Voluntarios de Capit\u00e1n Sarmiento, que asisti\u00f3 en el lugar del accidente. Y es que no habr\u00eda intervenci\u00f3n de terceros.<\/p>\n\n\n\n<p>Seg\u00fan relat\u00f3 a Infobae, hab\u00eda pasajeros con dolores, pero<strong>&nbsp;\u201ctodos heridos leves\u201d<\/strong>. Aunque advirti\u00f3: \u201cIndependientemente de eso, fueron trasladados todos al hospital porque hac\u00eda fr\u00edo y dem\u00e1s\u201d.<\/p>\n\n\n\n<p>Entre los pasajeros, hab\u00eda menores de edad y personas mayores. El veh\u00edculo que protagoniz\u00f3 el episodio pertenece a la empresa Sierras Cordobesas; ven\u00eda de la ciudad de Mina Clavero y se dirig\u00eda a Retiro.<img decoding=\"async\" alt=\"El micro en la ruta\" height=\"1080\" src=\"https:\/\/www.infobae.com\/resizer\/v2\/5DU56HKEYBHK5FUXBUGA4XUVOQ.jpg?auth=115270a076b41af8cd360252233f364ce07ad0a9e547896833684fe0cd44c91c&amp;smart=true&amp;width=350&amp;height=197&amp;quality=85\" width=\"1920\">El micro en la ruta 8<\/p>\n\n\n\n<p>En un primer momento, una ambulancia del Hospital San Carlos -el centro de salud local- traslad\u00f3 a un grupo de pasajeros para su atenci\u00f3n m\u00e9dica. Cuando arribaron los Bomberos, todos los ocupantes del micro ya se encontraban fuera del veh\u00edculo, por lo que no fue necesario realizar tareas de rescate.<\/p>\n\n\n\n<p>\u201cSe decidi\u00f3 llevarlos a todos al hospital para un mejor resguardo, que no queden en la ruta, para sacarlos de la escena\u201d, desarroll\u00f3 Arana. Y a\u00f1adi\u00f3: \u201cNadie qued\u00f3 tirado. No hab\u00eda hemorragias ni cuestiones de consideraci\u00f3n\u201d.<\/p>\n\n\n\n<h3 class=\"wp-block-heading\">Seis muertos en General La Madrid<\/h3>\n\n\n\n<p>A su vez, el pasado 6 de abril, un micro de la empresa V\u00eda Tac<a rel=\"noreferrer noopener\" href=\"https:\/\/www.infobae.com\/sociedad\/policiales\/2025\/04\/06\/volco-un-micro-en-el-partido-bonaerense-de-general-lamadrid-hay-al-menos-cuatro-muertos-y-decenas-de-heridos\/\" target=\"_blank\"><strong>&nbsp;volc\u00f3 a la altura de General La Madrid<\/strong><\/a>, Provincia de Buenos Aires. Producto de las heridas, seis personas fallecieron.<\/p>\n\n\n\n<p>En el momento del accidente, se constat\u00f3 la muerte de&nbsp;<strong>cinco pasajeros&nbsp;<\/strong>y trascendi\u00f3 que hab\u00eda varios heridos, muchos de los cuales fueron trasladados a distintos hospitales de la regi\u00f3n. Un total de 25 personas fueron derivadas al hospital local, mientras que otras cuatro fueron enviadas al de&nbsp;<strong>Laprida<\/strong>. A su vez, los heridos de gravedad debieron recibir atenci\u00f3n especializada en&nbsp;<strong>Olavarr\u00eda<\/strong>.<\/p>\n\n\n\n<p>Entre los internados, se encontraba una mujer de 74 a\u00f1os, identificada como&nbsp;<strong>Mirtha Beatriz Linares.&nbsp;<\/strong>Su deceso se produjo semanas despu\u00e9s del vuelco, convirti\u00e9ndose en la \u00faltima v\u00edctima fatal.<\/p>\n\n\n\n<p>La polic\u00eda cient\u00edfica que trabaj\u00f3 en el lugar, junto a Bomberos Voluntarios y efectivos policiales, confirm\u00f3 que todos los fallecidos eran mayores de edad.<\/p>\n","protected":false},"excerpt":{"rendered":"<p>Ocurri\u00f3 en la ruta 3, a la altura del kil\u00f3metro 132. Personal del Bomberos y la Polic\u00eda Bonaerense trabajan en<\/p>\n","protected":false},"author":1,"featured_media":16150,"comment_status":"open","ping_status":"open","sticky":false,"template":"","format":"standard","meta":{"colormag_page_container_layout":"default_layout","colormag_page_sidebar_layout":"default_layout","footnotes":""},"categories":[5,56,8],"tags":[],"class_list":["post-16149","post","type-post","status-publish","format-standard","has-post-thumbnail","hentry","category-nacionales","category-policiales","category-ultimas-noticias"],"_links":{"self":[{"href":"https:\/\/notipampa.com\/index.php?rest_route=\/wp\/v2\/posts\/16149","targetHints":{"allow":["GET"]}}],"collection":[{"href":"https:\/\/notipampa.com\/index.php?rest_route=\/wp\/v2\/posts"}],"about":[{"href":"https:\/\/notipampa.com\/index.php?rest_route=\/wp\/v2\/types\/post"}],"author":[{"embeddable":true,"href":"https:\/\/notipampa.com\/index.php?rest_route=\/wp\/v2\/users\/1"}],"replies":[{"embeddable":true,"href":"https:\/\/notipampa.com\/index.php?rest_route=%2Fwp%2Fv2%2Fcomments&post=16149"}],"version-history":[{"count":1,"href":"https:\/\/notipampa.com\/index.php?rest_route=\/wp\/v2\/posts\/16149\/revisions"}],"predecessor-version":[{"id":16151,"href":"https:\/\/notipampa.com\/index.php?rest_route=\/wp\/v2\/posts\/16149\/revisions\/16151"}],"wp:featuredmedia":[{"embeddable":true,"href":"https:\/\/notipampa.com\/index.php?rest_route=\/wp\/v2\/media\/16150"}],"wp:attachment":[{"href":"https:\/\/notipampa.com\/index.php?rest_route=%2Fwp%2Fv2%2Fmedia&parent=16149"}],"wp:term":[{"taxonomy":"category","embeddable":true,"href":"https:\/\/notipampa.com\/index.php?rest_route=%2Fwp%2Fv2%2Fcategories&post=16149"},{"taxonomy":"post_tag","embeddable":true,"href":"https:\/\/notipampa.com\/index.php?rest_route=%2Fwp%2Fv2%2Ftags&post=16149"}],"curies":[{"name":"wp","href":"https:\/\/api.w.org\/{rel}","templated":true}]}}