{"id":16143,"date":"2025-05-13T10:29:17","date_gmt":"2025-05-13T13:29:17","guid":{"rendered":"https:\/\/notipampa.com\/?p=16143"},"modified":"2025-05-13T10:29:18","modified_gmt":"2025-05-13T13:29:18","slug":"feriado-por-25-de-mayo-se-traslada-y-hay-fin-de-semana-largo","status":"publish","type":"post","link":"https:\/\/notipampa.com\/?p=16143","title":{"rendered":"Feriado por 25 de mayo: \u00bfse traslada y hay fin de semana largo?"},"content":{"rendered":"\n<p><strong>Atr\u00e1s qued\u00f3 el feriado por el D\u00eda del Trabajador, pero al quinto mes del a\u00f1o todav\u00eda le queda el 25 de Mayo, en que se conmemora el D\u00eda de la Revoluci\u00f3n de Mayo.<\/strong><\/p>\n\n\n\n<p>Sin embargo, este a\u00f1o el feriado del 25 de Mayo cae domingo, por lo que surgen dudas sobre si se traslada o si hay un feriado puente para formar un fin de semana largo, y por lo tanto, un descanso extendido.<\/p>\n\n\n\n<p>\u00bfHAY FIN DE SEMANA LARGO POR EL 25 DE MAYO?<\/p>\n\n\n\n<p>El calendario oficial establece al 25 de Mayo como uno de los feriados no trasladables, es decir que no se trasladan. Y adem\u00e1s, el Gobierno no estableci\u00f3 ning\u00fan puente tur\u00edstico para el viernes previo o lunes siguiente, por lo que no habr\u00e1 fin de semana largo.<\/p>\n\n\n\n<p>CU\u00c1NDO ES EL PR\u00d3XIMO FIN DE SEMANA LARGO NACIONAL EN ARGENTINA<\/p>\n\n\n\n<p>Si bien el feriado m\u00e1s reciente es el domingo 25 de mayo, que es no trasladable; el pr\u00f3ximo fin de semana largo llega reci\u00e9n con el feriado del lunes 16 de junio, Paso a la Inmortalidad del Gral. Don Mart\u00edn Miguel de G\u00fcemes.<\/p>\n\n\n\n<p>CALENDARIO DE FERIADOS 2025 EN ARGENTINA<\/p>\n\n\n\n<p>* Mi\u00e9rcoles 1 de enero: A\u00f1o Nuevo<br>* Lunes 3 y martes 4 de marzo: Carnaval<br>* Lunes 24 de marzo: D\u00eda Nacional de la Memoria por la Verdad y la Justicia.<br>* Mi\u00e9rcoles 2 de abril: D\u00eda del Veterano y de los Ca\u00eddos en la Guerra de Malvinas.<br>* Jueves 18 y viernes 19: Semana Santa.<br>* Jueves 1 de mayo: D\u00eda del Trabajador.<br>* Viernes 2 de mayo: D\u00eda no laborable con fines tur\u00edsticos.<br>* Domingo 25 de mayo: D\u00eda de la Revoluci\u00f3n de Mayo.<br>* Lunes 16 de junio: Paso a la Inmortalidad del Gral. Don Mart\u00edn Miguel de G\u00fcemes (trasladado del 17\/6).<br>* Viernes 20 de junio: Paso a la Inmortalidad del Gral. Manuel Belgrano.<br>* Mi\u00e9rcoles 9 de julio: D\u00eda de la independencia.<br>* Viernes 15 de agosto: D\u00eda no laborable con fines tur\u00edsticos.<br>* Lunes 17 de agosto: Paso a la Inmortalidad del Gral. Jos\u00e9 de San Mart\u00edn.<br>* Domingo 12 de octubre: D\u00eda del Respeto a la Diversidad Cultural.<br>* Viernes 21 de noviembre: D\u00eda no laborable con fines tur\u00edsticos.<br>* Lunes 24 de noviembre: D\u00eda de la Soberan\u00eda Nacional (trasladado del 20\/11).<br>* Lunes 8 de diciembre: Inmaculada Concepci\u00f3n de Mar\u00eda.<br>* Jueves 25 de diciembre: Navidad.<\/p>\n","protected":false},"excerpt":{"rendered":"<p>Atr\u00e1s qued\u00f3 el feriado por el D\u00eda del Trabajador, pero al quinto mes del a\u00f1o todav\u00eda le queda el 25<\/p>\n","protected":false},"author":1,"featured_media":16144,"comment_status":"open","ping_status":"open","sticky":false,"template":"","format":"standard","meta":{"colormag_page_container_layout":"default_layout","colormag_page_sidebar_layout":"default_layout","footnotes":""},"categories":[5,8],"tags":[],"class_list":["post-16143","post","type-post","status-publish","format-standard","has-post-thumbnail","hentry","category-nacionales","category-ultimas-noticias"],"_links":{"self":[{"href":"https:\/\/notipampa.com\/index.php?rest_route=\/wp\/v2\/posts\/16143","targetHints":{"allow":["GET"]}}],"collection":[{"href":"https:\/\/notipampa.com\/index.php?rest_route=\/wp\/v2\/posts"}],"about":[{"href":"https:\/\/notipampa.com\/index.php?rest_route=\/wp\/v2\/types\/post"}],"author":[{"embeddable":true,"href":"https:\/\/notipampa.com\/index.php?rest_route=\/wp\/v2\/users\/1"}],"replies":[{"embeddable":true,"href":"https:\/\/notipampa.com\/index.php?rest_route=%2Fwp%2Fv2%2Fcomments&post=16143"}],"version-history":[{"count":1,"href":"https:\/\/notipampa.com\/index.php?rest_route=\/wp\/v2\/posts\/16143\/revisions"}],"predecessor-version":[{"id":16145,"href":"https:\/\/notipampa.com\/index.php?rest_route=\/wp\/v2\/posts\/16143\/revisions\/16145"}],"wp:featuredmedia":[{"embeddable":true,"href":"https:\/\/notipampa.com\/index.php?rest_route=\/wp\/v2\/media\/16144"}],"wp:attachment":[{"href":"https:\/\/notipampa.com\/index.php?rest_route=%2Fwp%2Fv2%2Fmedia&parent=16143"}],"wp:term":[{"taxonomy":"category","embeddable":true,"href":"https:\/\/notipampa.com\/index.php?rest_route=%2Fwp%2Fv2%2Fcategories&post=16143"},{"taxonomy":"post_tag","embeddable":true,"href":"https:\/\/notipampa.com\/index.php?rest_route=%2Fwp%2Fv2%2Ftags&post=16143"}],"curies":[{"name":"wp","href":"https:\/\/api.w.org\/{rel}","templated":true}]}}