{"id":15808,"date":"2025-03-21T10:04:51","date_gmt":"2025-03-21T13:04:51","guid":{"rendered":"https:\/\/notipampa.com\/?p=15808"},"modified":"2025-03-21T10:04:52","modified_gmt":"2025-03-21T13:04:52","slug":"ziliotto-promociono-la-pampa-ante-21-embajadores-de-la-union-europea","status":"publish","type":"post","link":"https:\/\/notipampa.com\/?p=15808","title":{"rendered":"Ziliotto promocion\u00f3 La Pampa ante 21 embajadores de la Uni\u00f3n Europea"},"content":{"rendered":"\n<p><strong>El gobernador de La Pampa, Sergio Ziliotto, desarroll\u00f3 este jueves una intensa agenda en la Ciudad de Buenos Aires con el objetivo de presentar a la Provincia como un destino estrat\u00e9gico para inversiones y promocionar nuestras exportaciones. En una jornada clave para la promoci\u00f3n econ\u00f3mica y productiva, el mandatario expuso las ventajas competitivas del territorio pampeano ante embajadores, diplom\u00e1ticos y empresarios.<\/strong><\/p>\n\n\n\n<p><strong>Con embajadores de la Uni\u00f3n Europea<\/strong><\/p>\n\n\n\n<p>Ziliotto estuvo en la Embajada de la Uni\u00f3n Europea en Argentina, donde mantuvo un encuentro de trabajo con su titular y los jefes de misi\u00f3n de pa\u00edses europeos, como Francia, Italia, Alemania y el Reino de los Pa\u00edses Bajos, entre otros.<\/p>\n\n\n\n<p>El embajador de la UE en Argentina, Amador S\u00e1nchez Rico, dio la bienvenida al Gobernador y a su equipo. Luego de una proyecci\u00f3n audiovisual sobre el potencial pampeano, Ziliotto detall\u00f3 los programas de financiaci\u00f3n, reducci\u00f3n de tasas, beneficios impositivos y subsidios al empleo privado que ofrece la Provincia para atraer inversiones productivas.<\/p>\n\n\n\n<p>Por su parte, el director ejecutivo de la Agencia I-Comex La Pampa, Sebasti\u00e1n Lastiri expuso sobre la oferta exportable pampeana y el acceso a cr\u00e9ditos con garant\u00edas y tasas subsidiadas a trav\u00e9s del Banco de La Pampa.<\/p>\n\n\n\n<p>Participaron las y los representantes de los siguientes pa\u00edses: Alemania, Austria, B\u00e9lgica, Bulgaria, Chequia, Chipre, Croacia, Eslovaquia, Eslovenia, Espa\u00f1a, Finlandia, Francia, Grecia, Hungr\u00eda, Irlanda, Italia, Reino de los Pa\u00edses Bajos, Polonia, Portugal y Rumania.<\/p>\n\n\n\n<p><strong>Ante empresarios y diplom\u00e1ticos en la OEI<\/strong><\/p>\n\n\n\n<p>El Gobernador tambi\u00e9n mantuvo una reuni\u00f3n de trabajo en la sede de la Organizaci\u00f3n de Estados Iberoamericanos (OEI). All\u00ed, Ziliotto disert\u00f3 sobre &#8220;Estabilidad fiscal y modelos de inversi\u00f3n innovadores&#8221; en el marco del Instituto Iberoamericano para la Educaci\u00f3n y la Productividad (IIEYP) de la OEI.<\/p>\n\n\n\n<p>Del encuentro participaron el director de la OEI Luis Scasso; el representante &nbsp;del Instituto Iberoamericano para la Educaci\u00f3n, Jos\u00e9 Urtubey; adem\u00e1s integrantes de distintos cuerpos diplom\u00e1tico y empresarios.&nbsp;<\/p>\n\n\n\n<p>Durante el evento, se present\u00f3 un video institucional destacando el potencial de La Pampa y luego el Gobernador detall\u00f3 las herramientas que ofrece el Gobierno provincial para fomentar la inversi\u00f3n. Sebasti\u00e1n Lastiri complement\u00f3 la exposici\u00f3n con una presentaci\u00f3n sobre oportunidades de inversi\u00f3n.&nbsp;<\/p>\n\n\n\n<p><strong>Un modelo de desarrollo con incentivos<\/strong><\/p>\n\n\n\n<p>Las presentaciones realizadas por Ziliotto se enmarcan en la estrategia provincial para fortalecer el entramado productivo, diversificar la oferta exportable y generar empleos de calidad. La Pampa cuenta con Zona Franca, parques industriales y marcos regulatorios din\u00e1micos que garantizan seguridad jur\u00eddica para los inversores.<\/p>\n\n\n\n<p>El objetivo del encuentro fue exponer las potencialidades de La Pampa en materia de inversiones y comercio exterior, fortaleciendo lazos entre el sector p\u00fablico y privado para impulsar nuevas oportunidades econ\u00f3micas.<\/p>\n\n\n\n<p>Pese a la ca\u00edda de precios internacionales las exportaciones pampeanas a la Uni\u00f3n Europea crecieron un 53%, representando el 16% del total provincial. La carne bovina, que conform\u00f3 el 99,82% de las exportaciones a ese bloque, se consolid\u00f3 como el principal producto de intercambio.<\/p>\n\n\n\n<p>Estos resultados evidencian el compromiso de la provincia de La Pampa en la gesti\u00f3n de pol\u00edticas p\u00fablicas a largo plazo en conjunto al sector privado, con el objetivo de fomentar las inversiones y fortalecer la competitividad del sector productivo pampeano. Un ejemplo de ello son las l\u00edneas de cr\u00e9dito a largo plazo con tasas subsidiadas otorgadas a trav\u00e9s del Banco de La Pampa, destinadas a financiar proyectos de inversi\u00f3n y potenciar frigor\u00edficos exportadores. Adem\u00e1s, el R\u00e9gimen de Incentivos Fiscales de La Pampa otorga estabilidad fiscal y reducciones impositivas de grav\u00e1menes provinciales a inversiones estrat\u00e9gicas que agreguen valor, generen empleo y diversifiquen la matriz productiva provincial.<\/p>\n\n\n\n<p>Adem\u00e1s, impulsa inversiones en agroindustria, riego y energ\u00edas renovables, con proyectos estrat\u00e9gicos como el Parque Solar Fotovoltaico de General Pico y la expansi\u00f3n vitivin\u00edcola en Casa de Piedra.<\/p>\n\n\n\n<p>Con estas iniciativas, La Pampa refuerza su integraci\u00f3n a mercados internacionales y su apuesta por el desarrollo econ\u00f3mico sostenible.<\/p>\n","protected":false},"excerpt":{"rendered":"<p>El gobernador de La Pampa, Sergio Ziliotto, desarroll\u00f3 este jueves una intensa agenda en la Ciudad de Buenos Aires con<\/p>\n","protected":false},"author":1,"featured_media":15809,"comment_status":"open","ping_status":"open","sticky":false,"template":"","format":"standard","meta":{"colormag_page_container_layout":"default_layout","colormag_page_sidebar_layout":"default_layout","footnotes":""},"categories":[7,4,8],"tags":[],"class_list":["post-15808","post","type-post","status-publish","format-standard","has-post-thumbnail","hentry","category-politica","category-provincia","category-ultimas-noticias"],"_links":{"self":[{"href":"https:\/\/notipampa.com\/index.php?rest_route=\/wp\/v2\/posts\/15808","targetHints":{"allow":["GET"]}}],"collection":[{"href":"https:\/\/notipampa.com\/index.php?rest_route=\/wp\/v2\/posts"}],"about":[{"href":"https:\/\/notipampa.com\/index.php?rest_route=\/wp\/v2\/types\/post"}],"author":[{"embeddable":true,"href":"https:\/\/notipampa.com\/index.php?rest_route=\/wp\/v2\/users\/1"}],"replies":[{"embeddable":true,"href":"https:\/\/notipampa.com\/index.php?rest_route=%2Fwp%2Fv2%2Fcomments&post=15808"}],"version-history":[{"count":1,"href":"https:\/\/notipampa.com\/index.php?rest_route=\/wp\/v2\/posts\/15808\/revisions"}],"predecessor-version":[{"id":15810,"href":"https:\/\/notipampa.com\/index.php?rest_route=\/wp\/v2\/posts\/15808\/revisions\/15810"}],"wp:featuredmedia":[{"embeddable":true,"href":"https:\/\/notipampa.com\/index.php?rest_route=\/wp\/v2\/media\/15809"}],"wp:attachment":[{"href":"https:\/\/notipampa.com\/index.php?rest_route=%2Fwp%2Fv2%2Fmedia&parent=15808"}],"wp:term":[{"taxonomy":"category","embeddable":true,"href":"https:\/\/notipampa.com\/index.php?rest_route=%2Fwp%2Fv2%2Fcategories&post=15808"},{"taxonomy":"post_tag","embeddable":true,"href":"https:\/\/notipampa.com\/index.php?rest_route=%2Fwp%2Fv2%2Ftags&post=15808"}],"curies":[{"name":"wp","href":"https:\/\/api.w.org\/{rel}","templated":true}]}}