{"id":15805,"date":"2025-03-21T09:59:38","date_gmt":"2025-03-21T12:59:38","guid":{"rendered":"https:\/\/notipampa.com\/?p=15805"},"modified":"2025-03-21T09:59:39","modified_gmt":"2025-03-21T12:59:39","slug":"emprendedores-pampeanos-hacen-historia-con-la-venta-millonaria-de-nubity-por-34-millones-de-dolares","status":"publish","type":"post","link":"https:\/\/notipampa.com\/?p=15805","title":{"rendered":"Emprendedores pampeanos hacen historia con la venta millonaria de Nubity por 34 millones de d\u00f3lares"},"content":{"rendered":"\n<p>La ambici\u00f3n y el talento emprendedor de dos pampeanos, Dar\u00edo Pe\u00f1a y Juan Ozino Caligaris, se ha consolidado en una operaci\u00f3n millonaria que los posiciona entre los referentes del ecosistema tecnol\u00f3gico de Argentina. Los amigos, quienes llegaron a Buenos Aires a los 18 a\u00f1os para estudiar ingenier\u00eda, recorrieron el \u201ccamino cl\u00e1sico\u201d del emprendimiento y, tras a\u00f1os de trabajo y constancia, vendieron su compa\u00f1\u00eda Nubity por 34 millones de d\u00f3lares a Evertec, una corporaci\u00f3n que cotiza en el Nasdaq.<\/p>\n\n\n\n<p><strong>Un trayecto lleno de aprendizajes y desaf\u00edos<\/strong><\/p>\n\n\n\n<p>Antes de fundar Nubity, Pe\u00f1a y Ozino hab\u00edan incursionado en el mundo tecnol\u00f3gico con IpAdress, una startup de hosting iniciada en 2003 que se transform\u00f3 en una pyme con casi 30 empleados y que fue vendida en 2013. \u201cSomos emprendedores desde hace muchos a\u00f1os. Antes de Nubity fundamos una empresa de hosting, all\u00e1 por 2003, que se llamaba IpAdress\u201d, destac\u00f3 Dar\u00edo Pe\u00f1a en una entrevista, resaltando la trayectoria que les permiti\u00f3 cerrar un ciclo y contar con el respaldo econ\u00f3mico para volver a emprender.<\/p>\n\n\n\n<p>La experiencia adquirida y el deseo de alcanzar una escala internacional fueron los motores para la creaci\u00f3n de Nubity en 2014. La nueva compa\u00f1\u00eda se dise\u00f1\u00f3 con un concepto global y una visi\u00f3n de expansi\u00f3n que la llev\u00f3 a captar la atenci\u00f3n de inversores de renombre, como el fondo de capital de riesgo 500 Startups de San Francisco. Este primer gran empuj\u00f3n fue decisivo para impulsar el crecimiento de la empresa, la cual se posicion\u00f3 en el \u00e1mbito del monitoreo y administraci\u00f3n de infraestructuras en la nube.<\/p>\n\n\n\n<p><strong>La venta que abre nuevas oportunidades<\/strong><\/p>\n\n\n\n<p>La estrategia de internacionalizaci\u00f3n y la diversificaci\u00f3n de servicios, que incluy\u00f3 soluciones en inteligencia artificial y an\u00e1lisis de datos, permitieron a Nubity atraer clientes de talla mundial, entre ellos Grupo Bimbo y Amazon Web Services. Este \u00e9xito comercial y tecnol\u00f3gico culmin\u00f3 en la decisi\u00f3n, tomada en noviembre de 2024, de vender el 100% de la compa\u00f1\u00eda a Evertec, lo que representa una transacci\u00f3n valorada en 34 millones de d\u00f3lares.<\/p>\n\n\n\n<p>\u201cLo que nos enorgullece es que, siendo una compa\u00f1\u00eda chica, hayamos llamado la atenci\u00f3n de una corporaci\u00f3n de 5 mil empleados que cotiza en bolsa en Estados Unidos\u201d, enfatiz\u00f3 Pe\u00f1a, resaltando adem\u00e1s su vinculaci\u00f3n con La Pampa: \u201cEsto, como pampeano, me enorgullece mucho\u201d. A pesar de la venta, tanto Dar\u00edo Pe\u00f1a como Juan Ozino mantendr\u00e1n roles clave en la direcci\u00f3n de la empresa, garantizando la continuidad y el impulso de un modelo de negocio que ya ha dejado huella en el mercado internacional.<\/p>\n\n\n\n<p><strong>Mirando hacia el futuro<\/strong><\/p>\n\n\n\n<p>La operaci\u00f3n no solo simboliza un hito personal y profesional para estos dos emprendedores, sino tambi\u00e9n un ejemplo de c\u00f3mo la visi\u00f3n y la determinaci\u00f3n pueden transformar un proyecto local en una marca global. Con oficinas en Santa Rosa, Buenos Aires y Ciudad de M\u00e9xico, Nubity se prepara para seguir creciendo, ahora respaldada por el soporte y la infraestructura de Evertec.<\/p>\n\n\n\n<p>La historia de Dar\u00edo Pe\u00f1a y Juan Ozino es un claro testimonio de la capacidad de los emprendedores pampeanos para innovar, adaptarse y triunfar en un entorno altamente competitivo, llevando el talento argentino a la escena internacional.<\/p>\n\n\n\n<p>Fuente: Infopico<\/p>\n","protected":false},"excerpt":{"rendered":"<p>La ambici\u00f3n y el talento emprendedor de dos pampeanos, Dar\u00edo Pe\u00f1a y Juan Ozino Caligaris, se ha consolidado en una<\/p>\n","protected":false},"author":1,"featured_media":15806,"comment_status":"open","ping_status":"open","sticky":false,"template":"","format":"standard","meta":{"colormag_page_container_layout":"default_layout","colormag_page_sidebar_layout":"default_layout","footnotes":""},"categories":[4,8],"tags":[],"class_list":["post-15805","post","type-post","status-publish","format-standard","has-post-thumbnail","hentry","category-provincia","category-ultimas-noticias"],"_links":{"self":[{"href":"https:\/\/notipampa.com\/index.php?rest_route=\/wp\/v2\/posts\/15805","targetHints":{"allow":["GET"]}}],"collection":[{"href":"https:\/\/notipampa.com\/index.php?rest_route=\/wp\/v2\/posts"}],"about":[{"href":"https:\/\/notipampa.com\/index.php?rest_route=\/wp\/v2\/types\/post"}],"author":[{"embeddable":true,"href":"https:\/\/notipampa.com\/index.php?rest_route=\/wp\/v2\/users\/1"}],"replies":[{"embeddable":true,"href":"https:\/\/notipampa.com\/index.php?rest_route=%2Fwp%2Fv2%2Fcomments&post=15805"}],"version-history":[{"count":1,"href":"https:\/\/notipampa.com\/index.php?rest_route=\/wp\/v2\/posts\/15805\/revisions"}],"predecessor-version":[{"id":15807,"href":"https:\/\/notipampa.com\/index.php?rest_route=\/wp\/v2\/posts\/15805\/revisions\/15807"}],"wp:featuredmedia":[{"embeddable":true,"href":"https:\/\/notipampa.com\/index.php?rest_route=\/wp\/v2\/media\/15806"}],"wp:attachment":[{"href":"https:\/\/notipampa.com\/index.php?rest_route=%2Fwp%2Fv2%2Fmedia&parent=15805"}],"wp:term":[{"taxonomy":"category","embeddable":true,"href":"https:\/\/notipampa.com\/index.php?rest_route=%2Fwp%2Fv2%2Fcategories&post=15805"},{"taxonomy":"post_tag","embeddable":true,"href":"https:\/\/notipampa.com\/index.php?rest_route=%2Fwp%2Fv2%2Ftags&post=15805"}],"curies":[{"name":"wp","href":"https:\/\/api.w.org\/{rel}","templated":true}]}}