{"id":15771,"date":"2025-03-20T08:27:43","date_gmt":"2025-03-20T11:27:43","guid":{"rendered":"https:\/\/notipampa.com\/?p=15771"},"modified":"2025-03-20T08:27:44","modified_gmt":"2025-03-20T11:27:44","slug":"importante-golpe-policial-en-mendoza-detienen-a-tres-acusados-de-un-millonario-robo-en-realico","status":"publish","type":"post","link":"https:\/\/notipampa.com\/?p=15771","title":{"rendered":"Importante golpe policial en Mendoza: detienen a tres acusados de un millonario robo en Realic\u00f3"},"content":{"rendered":"\n<p>En un operativo conjunto llevado a cabo por la Brigada de Investigaciones de la Unidad Regional II de La Pampa y la Polic\u00eda de Mendoza, se logr\u00f3 la detenci\u00f3n de tres sospechosos vinculados al millonario robo perpetrado en la empresa Diesel Lange, ubicada en la localidad de Realic\u00f3. El hecho ocurri\u00f3 en la madrugada del 8 de febrero, cuando los delincuentes ingresaron al establecimiento tras cortar parte del techo, anular los sistemas de seguridad y sustraer, luego de violentar una caja de seguridad, unos 7 millones de pesos (en moneda nacional y d\u00f3lares) y el DVR que almacenaba las im\u00e1genes de las c\u00e1maras de vigilancia.<\/p>\n\n\n\n<p>Seg\u00fan inform\u00f3 a INFOPICO.COM el comisario Mart\u00edn Gim\u00e9nez, Jefe de la Brigada de Investigaciones de la Unidad Regional II, las tareas para esclarecer el caso incluyeron el an\u00e1lisis de c\u00e1maras de seguridad tanto de la zona como de otras provincias, el chequeo del sistema Pampa Activa (ingresos y egresos de veh\u00edculos), el relevamiento de antenas telef\u00f3nicas e intervenciones autorizadas por la Justicia. Gracias a esta minuciosa investigaci\u00f3n, se identific\u00f3 a cuatro personas oriundas de Guaymall\u00e9n (Mendoza), que se movilizaban en un Fiat Cronos gris, modelo 2023.<\/p>\n\n\n\n<p>La semana pasada, una comisi\u00f3n de la Brigada de Investigaciones pampeana viaj\u00f3 a Mendoza para realizar tareas de vigilancia e identificar los domicilios de los sospechosos. Finalmente, en la jornada de ayer, se concretaron cinco allanamientos en conjunto con la Polic\u00eda de Investigaciones (PDI), a cargo del subcomisario Araujo, con apoyo de un grupo especial y de la divisi\u00f3n de veh\u00edculos a\u00e9reos no tripulados (drones). Durante los procedimientos, se detuvo a tres de los presuntos autores, se secuestr\u00f3 el veh\u00edculo utilizado y se incautaron prendas de vestir, herramientas y otros elementos de inter\u00e9s para la causa. La diligencia se efectu\u00f3 bajo la supervisi\u00f3n del fiscal Dami\u00e1n Campos.<\/p>\n\n\n\n<p>Los detenidos ser\u00e1n trasladados a La Pampa en las pr\u00f3ximas horas, junto con todos los elementos secuestrados. De acuerdo con lo informado por el comisario Gim\u00e9nez, los involucrados poseen frondosos antecedentes, que incluyen robos calificados, robos en despoblado e incluso homicidio. Uno de ellos habr\u00eda participado tiempo atr\u00e1s en la explosi\u00f3n de un cajero autom\u00e1tico con dinamita en la provincia de Mendoza. Al momento de los allanamientos, dos de los sospechosos se encontraban en asentamientos irregulares, lo que oblig\u00f3 a la intervenci\u00f3n del grupo especial y de los drones para evitar fugas; de hecho, en uno de los casos, el sospechoso intent\u00f3 huir, pero fue r\u00e1pidamente localizado y reducido con la ayuda de los dispositivos a\u00e9reos.<\/p>\n\n\n\n<p>El comisario Gim\u00e9nez destac\u00f3, adem\u00e1s, el compromiso y la labor exhaustiva del personal policial a su cargo, que trabaj\u00f3 m\u00e1s all\u00e1 de su horario habitual y mientras avanzaba en otras causas. Subray\u00f3 especialmente el aporte del suboficial retirado y posteriormente convocado, Eugenio Ortega, quien tras 25 a\u00f1os de servicio regres\u00f3 para contribuir con su experiencia. Tambi\u00e9n resalt\u00f3 la tarea del oficial inspector D\u00edaz, cuyo conocimiento result\u00f3 fundamental para dar con los implicados.<\/p>\n\n\n\n<p>Con este resultado, las autoridades dan por esclarecido el cuantioso robo que conmocion\u00f3 a Realic\u00f3 y advierten que seguir\u00e1n adelante con las investigaciones, en pos de atrapar al cuarto integrante de la banda y de desarticular posibles ramificaciones delictivas relacionadas con este hecho.<\/p>\n\n\n\n<p>Fuente: Infopico<\/p>\n","protected":false},"excerpt":{"rendered":"<p>En un operativo conjunto llevado a cabo por la Brigada de Investigaciones de la Unidad Regional II de La Pampa<\/p>\n","protected":false},"author":1,"featured_media":15772,"comment_status":"open","ping_status":"open","sticky":false,"template":"","format":"standard","meta":{"colormag_page_container_layout":"default_layout","colormag_page_sidebar_layout":"default_layout","footnotes":""},"categories":[56,4,8],"tags":[],"class_list":["post-15771","post","type-post","status-publish","format-standard","has-post-thumbnail","hentry","category-policiales","category-provincia","category-ultimas-noticias"],"_links":{"self":[{"href":"https:\/\/notipampa.com\/index.php?rest_route=\/wp\/v2\/posts\/15771","targetHints":{"allow":["GET"]}}],"collection":[{"href":"https:\/\/notipampa.com\/index.php?rest_route=\/wp\/v2\/posts"}],"about":[{"href":"https:\/\/notipampa.com\/index.php?rest_route=\/wp\/v2\/types\/post"}],"author":[{"embeddable":true,"href":"https:\/\/notipampa.com\/index.php?rest_route=\/wp\/v2\/users\/1"}],"replies":[{"embeddable":true,"href":"https:\/\/notipampa.com\/index.php?rest_route=%2Fwp%2Fv2%2Fcomments&post=15771"}],"version-history":[{"count":1,"href":"https:\/\/notipampa.com\/index.php?rest_route=\/wp\/v2\/posts\/15771\/revisions"}],"predecessor-version":[{"id":15773,"href":"https:\/\/notipampa.com\/index.php?rest_route=\/wp\/v2\/posts\/15771\/revisions\/15773"}],"wp:featuredmedia":[{"embeddable":true,"href":"https:\/\/notipampa.com\/index.php?rest_route=\/wp\/v2\/media\/15772"}],"wp:attachment":[{"href":"https:\/\/notipampa.com\/index.php?rest_route=%2Fwp%2Fv2%2Fmedia&parent=15771"}],"wp:term":[{"taxonomy":"category","embeddable":true,"href":"https:\/\/notipampa.com\/index.php?rest_route=%2Fwp%2Fv2%2Fcategories&post=15771"},{"taxonomy":"post_tag","embeddable":true,"href":"https:\/\/notipampa.com\/index.php?rest_route=%2Fwp%2Fv2%2Ftags&post=15771"}],"curies":[{"name":"wp","href":"https:\/\/api.w.org\/{rel}","templated":true}]}}