{"id":15759,"date":"2025-03-18T10:00:28","date_gmt":"2025-03-18T13:00:28","guid":{"rendered":"https:\/\/notipampa.com\/?p=15759"},"modified":"2025-03-18T10:00:29","modified_gmt":"2025-03-18T13:00:29","slug":"alvear-conflicto-por-una-vivienda-termino-con-denuncias-cruzadas","status":"publish","type":"post","link":"https:\/\/notipampa.com\/?p=15759","title":{"rendered":"Alvear: Conflicto por una vivienda termin\u00f3 con denuncias cruzadas"},"content":{"rendered":"\n<p><strong>Seg\u00fan un informe de la Polic\u00eda de Intendente Alvear, el pasado s\u00e1bado por la noche se registr\u00f3 un conflicto en una vivienda ubicada en calle Estrada, entre Avenida Uruguay y Lavalle.<\/strong><\/p>\n\n\n\n<p>El hecho ocurri\u00f3 cuando una mujer, presunta propietaria del inmueble, ingres\u00f3 a la vivienda y comenz\u00f3 a retirar muebles y otras pertenencias. Esta acci\u00f3n gener\u00f3 un enfrentamiento con la familia que resid\u00eda en el lugar, quienes eran inquilinos del domicilio.<\/p>\n\n\n\n<p>De acuerdo con las primeras averiguaciones, el contrato de alquiler hab\u00eda caducado recientemente y exist\u00eda una posible irregularidad, ya que la vivienda estar\u00eda en proceso de adjudicaci\u00f3n por parte del Instituto Provincial de la Vivienda (IPAV).<\/p>\n\n\n\n<p>Tras la intervenci\u00f3n policial y un intenso di\u00e1logo, se logr\u00f3 llegar a un acuerdo moment\u00e1neo entre las partes, a la espera de que las autoridades del IPAV esclarezcan la situaci\u00f3n legal del inmueble.<\/p>\n\n\n\n<p>Sin embargo, ambas partes presentaron denuncias cruzadas por lesiones y amenazas, lo que deriv\u00f3 en la apertura de una investigaci\u00f3n para determinar responsabilidades.<\/p>\n","protected":false},"excerpt":{"rendered":"<p>Seg\u00fan un informe de la Polic\u00eda de Intendente Alvear, el pasado s\u00e1bado por la noche se registr\u00f3 un conflicto en<\/p>\n","protected":false},"author":1,"featured_media":15760,"comment_status":"open","ping_status":"open","sticky":false,"template":"","format":"standard","meta":{"colormag_page_container_layout":"default_layout","colormag_page_sidebar_layout":"default_layout","footnotes":""},"categories":[6,56,8],"tags":[],"class_list":["post-15759","post","type-post","status-publish","format-standard","has-post-thumbnail","hentry","category-locales","category-policiales","category-ultimas-noticias"],"_links":{"self":[{"href":"https:\/\/notipampa.com\/index.php?rest_route=\/wp\/v2\/posts\/15759","targetHints":{"allow":["GET"]}}],"collection":[{"href":"https:\/\/notipampa.com\/index.php?rest_route=\/wp\/v2\/posts"}],"about":[{"href":"https:\/\/notipampa.com\/index.php?rest_route=\/wp\/v2\/types\/post"}],"author":[{"embeddable":true,"href":"https:\/\/notipampa.com\/index.php?rest_route=\/wp\/v2\/users\/1"}],"replies":[{"embeddable":true,"href":"https:\/\/notipampa.com\/index.php?rest_route=%2Fwp%2Fv2%2Fcomments&post=15759"}],"version-history":[{"count":1,"href":"https:\/\/notipampa.com\/index.php?rest_route=\/wp\/v2\/posts\/15759\/revisions"}],"predecessor-version":[{"id":15761,"href":"https:\/\/notipampa.com\/index.php?rest_route=\/wp\/v2\/posts\/15759\/revisions\/15761"}],"wp:featuredmedia":[{"embeddable":true,"href":"https:\/\/notipampa.com\/index.php?rest_route=\/wp\/v2\/media\/15760"}],"wp:attachment":[{"href":"https:\/\/notipampa.com\/index.php?rest_route=%2Fwp%2Fv2%2Fmedia&parent=15759"}],"wp:term":[{"taxonomy":"category","embeddable":true,"href":"https:\/\/notipampa.com\/index.php?rest_route=%2Fwp%2Fv2%2Fcategories&post=15759"},{"taxonomy":"post_tag","embeddable":true,"href":"https:\/\/notipampa.com\/index.php?rest_route=%2Fwp%2Fv2%2Ftags&post=15759"}],"curies":[{"name":"wp","href":"https:\/\/api.w.org\/{rel}","templated":true}]}}