{"id":15643,"date":"2025-03-07T09:27:22","date_gmt":"2025-03-07T12:27:22","guid":{"rendered":"https:\/\/notipampa.com\/?p=15643"},"modified":"2025-03-07T09:27:23","modified_gmt":"2025-03-07T12:27:23","slug":"alvear-informe-sobre-la-sesion-preparatoria-del-concejo-deliberante","status":"publish","type":"post","link":"https:\/\/notipampa.com\/?p=15643","title":{"rendered":"Alvear: Informe sobre la sesi\u00f3n preparatoria del Concejo Deliberante"},"content":{"rendered":"\n<p><strong>El d\u00eda jueves 6 de marzo de 2025, se reuni\u00f3 en Sesi\u00f3n Preparatoria del Concejo Deliberante de Intendente Alvear, presidido por el Presidente Fernando Luis Aznarez, y con la presencia de Mar\u00eda Cristina Mart\u00edn, Anabella Luj\u00e1n Ben\u00edtez, Roxana Vanesa Tripaldi y Jorge Daniel Gette por el bloque de Juntos por el Cambio, y Horacio Antonio Elorriaga y Ana Claudia Rodr\u00edguez por el bloque Fre.Ju.Pa. El concejal Jonatan Alexis Mujica estuvo ausente con aviso.<\/strong><\/p>\n\n\n\n<p><br>El Presidente Fernando Luis Aznarez inicia la sesi\u00f3n, dando lectura al Orden del d\u00eda, cuyos puntos se trataron de la siguiente manera:<br><strong>Punto 1:<\/strong> Designaci\u00f3n de Autoridades. Por unanimidad, se aprob\u00f3 la continuidad de las actuales autoridades del Concejo, siendo: Presidente Fernando Luis Aznarez, Vicepresidente Mar\u00eda Cristina Mart\u00edn y Concejal-Secretario Jorge Daniel Gette. Como presidentes de bloques, se aprob\u00f3 a Anabella Ben\u00edtez por Juntos por el Cambio y a Ana Claudia Rodr\u00edguez por el Fre.Ju.Pa.<br><strong>Punto 2:<\/strong> Fijaci\u00f3n de d\u00eda y horario de sesiones y comisiones. Se aprob\u00f3 por unanimidad, los jueves a las 20:00 h, como d\u00eda y horario de sesi\u00f3n.<br><strong>Punto 3:<\/strong> Correspondencia. Ingres\u00f3 por correspondencia:<br>&#8211;  Invitaci\u00f3n del Instituto Heguy de la Sagrada Familia a los actos oficiales, en el marco del Centenario de la instituci\u00f3n, siendo el Acto central, el d\u00eda s\u00e1bado 8 de marzo a las 9:30 horas, y el Almuerzo de Reencuentro, el d\u00eda domingo 11 de mayo de 2025.<br>&#8211; Nota del concejal Jonatan Alexis Mujica informando que estar\u00e1 ausente desde el 5 al 11 de marzo del corriente, por razones personales.<\/p>\n\n\n\n<p><strong>Secretar\u00eda del Concejo Deliberante de la Municipalidad de Intendente Alvear<\/strong><\/p>\n","protected":false},"excerpt":{"rendered":"<p>El d\u00eda jueves 6 de marzo de 2025, se reuni\u00f3 en Sesi\u00f3n Preparatoria del Concejo Deliberante de Intendente Alvear, presidido<\/p>\n","protected":false},"author":1,"featured_media":15644,"comment_status":"open","ping_status":"open","sticky":false,"template":"","format":"standard","meta":{"colormag_page_container_layout":"default_layout","colormag_page_sidebar_layout":"default_layout","footnotes":""},"categories":[6,7,8],"tags":[],"class_list":["post-15643","post","type-post","status-publish","format-standard","has-post-thumbnail","hentry","category-locales","category-politica","category-ultimas-noticias"],"_links":{"self":[{"href":"https:\/\/notipampa.com\/index.php?rest_route=\/wp\/v2\/posts\/15643","targetHints":{"allow":["GET"]}}],"collection":[{"href":"https:\/\/notipampa.com\/index.php?rest_route=\/wp\/v2\/posts"}],"about":[{"href":"https:\/\/notipampa.com\/index.php?rest_route=\/wp\/v2\/types\/post"}],"author":[{"embeddable":true,"href":"https:\/\/notipampa.com\/index.php?rest_route=\/wp\/v2\/users\/1"}],"replies":[{"embeddable":true,"href":"https:\/\/notipampa.com\/index.php?rest_route=%2Fwp%2Fv2%2Fcomments&post=15643"}],"version-history":[{"count":1,"href":"https:\/\/notipampa.com\/index.php?rest_route=\/wp\/v2\/posts\/15643\/revisions"}],"predecessor-version":[{"id":15645,"href":"https:\/\/notipampa.com\/index.php?rest_route=\/wp\/v2\/posts\/15643\/revisions\/15645"}],"wp:featuredmedia":[{"embeddable":true,"href":"https:\/\/notipampa.com\/index.php?rest_route=\/wp\/v2\/media\/15644"}],"wp:attachment":[{"href":"https:\/\/notipampa.com\/index.php?rest_route=%2Fwp%2Fv2%2Fmedia&parent=15643"}],"wp:term":[{"taxonomy":"category","embeddable":true,"href":"https:\/\/notipampa.com\/index.php?rest_route=%2Fwp%2Fv2%2Fcategories&post=15643"},{"taxonomy":"post_tag","embeddable":true,"href":"https:\/\/notipampa.com\/index.php?rest_route=%2Fwp%2Fv2%2Ftags&post=15643"}],"curies":[{"name":"wp","href":"https:\/\/api.w.org\/{rel}","templated":true}]}}