{"id":15637,"date":"2025-03-07T08:49:53","date_gmt":"2025-03-07T11:49:53","guid":{"rendered":"https:\/\/notipampa.com\/?p=15637"},"modified":"2025-03-07T08:49:54","modified_gmt":"2025-03-07T11:49:54","slug":"quemu-quemu-hallan-sin-vida-a-un-hombre-en-las-vias-del-tren","status":"publish","type":"post","link":"https:\/\/notipampa.com\/?p=15637","title":{"rendered":"Quem\u00fa Quem\u00fa: Hallan sin vida a un hombre en las v\u00edas del tren"},"content":{"rendered":"\n<p><strong>Un hombre de 58 a\u00f1os fue hallado sin vida este martes sobre las v\u00edas del ferrocarril en Quem\u00fa Quem\u00fa. El fiscal Guillermo Komarofky, en di\u00e1logo con la prensa, se\u00f1al\u00f3 que el hecho ocurri\u00f3 alrededor de las 19 horas, cuando recibi\u00f3 el llamado del comisario Mart\u00ednez. \u201cUna persona fue hallada sin vida en la v\u00eda del tren\u201d, expres\u00f3.<\/strong><\/p>\n\n\n\n<p>La v\u00edctima fue identificada como Ricardo Daniel Ponce, vecino de esa localidad. Viv\u00eda en inmediaciones de la zona donde fue encontrado su cuerpo. \u201cSe est\u00e1n analizando todos los elementos. en principio ser\u00eda por decisi\u00f3n propia, pero seguimos investigando\u201d, sostuvo el fiscal.<\/p>\n\n\n\n<p>La investigaci\u00f3n contin\u00faa abierta y se aguardan resultados de pericias forenses para corroborar los primeros indicios.<\/p>\n\n\n\n<p>Fuente: Infopico<\/p>\n","protected":false},"excerpt":{"rendered":"<p>Un hombre de 58 a\u00f1os fue hallado sin vida este martes sobre las v\u00edas del ferrocarril en Quem\u00fa Quem\u00fa. El<\/p>\n","protected":false},"author":1,"featured_media":15638,"comment_status":"open","ping_status":"open","sticky":false,"template":"","format":"standard","meta":{"colormag_page_container_layout":"default_layout","colormag_page_sidebar_layout":"default_layout","footnotes":""},"categories":[56,4,8],"tags":[],"class_list":["post-15637","post","type-post","status-publish","format-standard","has-post-thumbnail","hentry","category-policiales","category-provincia","category-ultimas-noticias"],"_links":{"self":[{"href":"https:\/\/notipampa.com\/index.php?rest_route=\/wp\/v2\/posts\/15637","targetHints":{"allow":["GET"]}}],"collection":[{"href":"https:\/\/notipampa.com\/index.php?rest_route=\/wp\/v2\/posts"}],"about":[{"href":"https:\/\/notipampa.com\/index.php?rest_route=\/wp\/v2\/types\/post"}],"author":[{"embeddable":true,"href":"https:\/\/notipampa.com\/index.php?rest_route=\/wp\/v2\/users\/1"}],"replies":[{"embeddable":true,"href":"https:\/\/notipampa.com\/index.php?rest_route=%2Fwp%2Fv2%2Fcomments&post=15637"}],"version-history":[{"count":1,"href":"https:\/\/notipampa.com\/index.php?rest_route=\/wp\/v2\/posts\/15637\/revisions"}],"predecessor-version":[{"id":15639,"href":"https:\/\/notipampa.com\/index.php?rest_route=\/wp\/v2\/posts\/15637\/revisions\/15639"}],"wp:featuredmedia":[{"embeddable":true,"href":"https:\/\/notipampa.com\/index.php?rest_route=\/wp\/v2\/media\/15638"}],"wp:attachment":[{"href":"https:\/\/notipampa.com\/index.php?rest_route=%2Fwp%2Fv2%2Fmedia&parent=15637"}],"wp:term":[{"taxonomy":"category","embeddable":true,"href":"https:\/\/notipampa.com\/index.php?rest_route=%2Fwp%2Fv2%2Fcategories&post=15637"},{"taxonomy":"post_tag","embeddable":true,"href":"https:\/\/notipampa.com\/index.php?rest_route=%2Fwp%2Fv2%2Ftags&post=15637"}],"curies":[{"name":"wp","href":"https:\/\/api.w.org\/{rel}","templated":true}]}}