{"id":15607,"date":"2025-02-28T09:45:29","date_gmt":"2025-02-28T12:45:29","guid":{"rendered":"https:\/\/notipampa.com\/?p=15607"},"modified":"2025-02-28T09:45:30","modified_gmt":"2025-02-28T12:45:30","slug":"cdi-nubecitas-de-alvear-abrio-sus-puertas-a-118-ninos-y-ninas","status":"publish","type":"post","link":"https:\/\/notipampa.com\/?p=15607","title":{"rendered":"CDI Nubecitas de Alvear abri\u00f3 sus puertas a 118 ni\u00f1os y ni\u00f1as"},"content":{"rendered":"\n<p><strong>El Centro de Desarrollo Infantil (CDI) Nubecitas inici\u00f3 un nuevo ciclo con una gran noticia para las familias: este a\u00f1o, todos los ni\u00f1os y ni\u00f1as que se inscribieron pudieron ingresar. En total, se registraron 118 inscripciones, distribuidas en salas de beb\u00e9s, 1, 2 y 3 a\u00f1os.<\/strong><\/p>\n\n\n\n<p>Debido a la alta demanda en la franja de 2 a\u00f1os, se realiz\u00f3 una reestructuraci\u00f3n en la distribuci\u00f3n de las salas. \u201cEl armado de las salas se hace de manera conjunta con el equipo t\u00e9cnico, las coordinadoras y las familias, buscando una organizaci\u00f3n estrat\u00e9gica para el funcionamiento del CDI\u201d, explic\u00f3 Lorena Ruiz, Secretaria de Desarrollo Social de la Municipalidad de Intendente Alvear.<\/p>\n\n\n\n<p>En cuanto al equipo de trabajo, la direcci\u00f3n estar\u00e1 a cargo de M\u00f3nica Ruiz en el turno ma\u00f1ana y Daiana Mespulet en el turno tarde. Adem\u00e1s, el personal de comedor, limpieza y el equipo t\u00e9cnico se encuentra completo. Ruiz destac\u00f3 el esfuerzo realizado antes del inicio de clases: \u201cDurante febrero, todos estuvieron abocados a pintar y reacondicionar los espacios de cada sala y el mobiliario, para que todo quedara listo antes del comienzo de clases\u201d. Tambi\u00e9n subray\u00f3 la participaci\u00f3n de las familias: \u201cEl a\u00f1o pasado logramos armar un arenero con su ayuda y la colaboraci\u00f3n de algunos comercios de la localidad. Estamos muy agradecidos, porque sabemos que trabajando en conjunto se pueden lograr muchas cosas buenas\u201d.<\/p>\n\n\n\n<p><strong>Mejoras edilicias y nuevas adquisiciones<\/strong><\/p>\n\n\n\n<p>Desde el municipio se realizaron inversiones en infraestructura para mejorar las instalaciones del CDI. Gracias a una partida de $3.000.000 provenientes del Programa Nacional para la Primera Infancia, se concretaron obras clave. \u201cEste monto se destin\u00f3 a la instalaci\u00f3n de gas en el sector de los ba\u00f1os, la compra de calefactores, material did\u00e1ctico para las diferentes salas y una computadora para el uso de las educadoras y el equipo t\u00e9cnico, ya que antes no cont\u00e1bamos con una\u201d, detall\u00f3 Ruiz.<\/p>\n\n\n\n<p>Adem\u00e1s, con fondos municipales, se llev\u00f3 adelante el recambio completo del techo de la entrada del CDI, una obra fundamental debido al deterioro ocasionado por el paso del tiempo y las lluvias recientes. \u201cSe quitaron todas las tejas y el aglomerado y se coloc\u00f3 chapa con terminaci\u00f3n en machimbre, conservando la estructura original, que estaba en buen estado\u201d, explic\u00f3 la funcionaria. La inversi\u00f3n total en esta obra fue de $3.000.000, financiada \u00edntegramente con recursos municipales. Tambi\u00e9n se reemplazaron todas las luminarias por luces LED de bajo consumo, optimizando as\u00ed el uso de energ\u00eda.<\/p>\n\n\n\n<p>Con estas mejoras y el compromiso de toda la comunidad educativa, el CDI Nubecitas inicia un nuevo a\u00f1o brindando un espacio renovado y seguro para la primera infancia, garantizando el acceso de todos los ni\u00f1os y ni\u00f1as inscriptos.<\/p>\n\n\n\n<figure class=\"wp-block-image size-large\"><img fetchpriority=\"high\" decoding=\"async\" width=\"1024\" height=\"576\" src=\"https:\/\/notipampa.com\/wp-content\/uploads\/2025\/02\/20250224_161916-1024x576.jpg\" alt=\"\" class=\"wp-image-15608\" srcset=\"https:\/\/notipampa.com\/wp-content\/uploads\/2025\/02\/20250224_161916-1024x576.jpg 1024w, https:\/\/notipampa.com\/wp-content\/uploads\/2025\/02\/20250224_161916-300x169.jpg 300w, https:\/\/notipampa.com\/wp-content\/uploads\/2025\/02\/20250224_161916-768x432.jpg 768w, https:\/\/notipampa.com\/wp-content\/uploads\/2025\/02\/20250224_161916-1536x864.jpg 1536w, https:\/\/notipampa.com\/wp-content\/uploads\/2025\/02\/20250224_161916-2048x1153.jpg 2048w\" sizes=\"(max-width: 1024px) 100vw, 1024px\" \/><\/figure>\n","protected":false},"excerpt":{"rendered":"<p>El Centro de Desarrollo Infantil (CDI) Nubecitas inici\u00f3 un nuevo ciclo con una gran noticia para las familias: este a\u00f1o,<\/p>\n","protected":false},"author":1,"featured_media":15609,"comment_status":"open","ping_status":"open","sticky":false,"template":"","format":"standard","meta":{"colormag_page_container_layout":"default_layout","colormag_page_sidebar_layout":"default_layout","footnotes":""},"categories":[6,8],"tags":[],"class_list":["post-15607","post","type-post","status-publish","format-standard","has-post-thumbnail","hentry","category-locales","category-ultimas-noticias"],"_links":{"self":[{"href":"https:\/\/notipampa.com\/index.php?rest_route=\/wp\/v2\/posts\/15607","targetHints":{"allow":["GET"]}}],"collection":[{"href":"https:\/\/notipampa.com\/index.php?rest_route=\/wp\/v2\/posts"}],"about":[{"href":"https:\/\/notipampa.com\/index.php?rest_route=\/wp\/v2\/types\/post"}],"author":[{"embeddable":true,"href":"https:\/\/notipampa.com\/index.php?rest_route=\/wp\/v2\/users\/1"}],"replies":[{"embeddable":true,"href":"https:\/\/notipampa.com\/index.php?rest_route=%2Fwp%2Fv2%2Fcomments&post=15607"}],"version-history":[{"count":1,"href":"https:\/\/notipampa.com\/index.php?rest_route=\/wp\/v2\/posts\/15607\/revisions"}],"predecessor-version":[{"id":15610,"href":"https:\/\/notipampa.com\/index.php?rest_route=\/wp\/v2\/posts\/15607\/revisions\/15610"}],"wp:featuredmedia":[{"embeddable":true,"href":"https:\/\/notipampa.com\/index.php?rest_route=\/wp\/v2\/media\/15609"}],"wp:attachment":[{"href":"https:\/\/notipampa.com\/index.php?rest_route=%2Fwp%2Fv2%2Fmedia&parent=15607"}],"wp:term":[{"taxonomy":"category","embeddable":true,"href":"https:\/\/notipampa.com\/index.php?rest_route=%2Fwp%2Fv2%2Fcategories&post=15607"},{"taxonomy":"post_tag","embeddable":true,"href":"https:\/\/notipampa.com\/index.php?rest_route=%2Fwp%2Fv2%2Ftags&post=15607"}],"curies":[{"name":"wp","href":"https:\/\/api.w.org\/{rel}","templated":true}]}}