{"id":15604,"date":"2025-02-21T11:36:40","date_gmt":"2025-02-21T14:36:40","guid":{"rendered":"https:\/\/notipampa.com\/?p=15604"},"modified":"2025-02-21T11:36:41","modified_gmt":"2025-02-21T14:36:41","slug":"mas-de-10-provincias-estaran-afectadas-por-calor-extremo-y-advirtieron-que-la-maxima-ascenderia-a-40-grados","status":"publish","type":"post","link":"https:\/\/notipampa.com\/?p=15604","title":{"rendered":"M\u00e1s de 10 provincias estar\u00e1n afectadas por calor extremo y advirtieron que la m\u00e1xima ascender\u00eda a 40 grados"},"content":{"rendered":"\n<p><strong>Luego de una semana de alivio, el Servicio Meteorol\u00f3gico Nacional anticip\u00f3 otro fin de semana caluroso en gran parte del pa\u00eds<\/strong><\/p>\n\n\n\n<p>Por varios d\u00edas, las temperaturas en la mayor parte del pa\u00eds no superaron los 30 grados de m\u00e1xima, pero la situaci\u00f3n dar\u00e1 un giro rotundo en&nbsp;<strong>un total de 14 provincias que fueron alertadas por la llegada de los&nbsp;<\/strong><a href=\"https:\/\/www.infobae.com\/tag\/calor-extremo\/\" target=\"_blank\" rel=\"noreferrer noopener\"><strong>calores extremos<\/strong><\/a>. Seg\u00fan el&nbsp;<a href=\"https:\/\/www.infobae.com\/tag\/servicio-meteorologico-nacional\/\" target=\"_blank\" rel=\"noreferrer noopener\"><strong>Servicio Meteorol\u00f3gico Nacional (SMN)<\/strong><\/a>,&nbsp;<strong>la regi\u00f3n de Cuyo ser\u00eda la que registrar\u00eda mayores temperaturas<\/strong>, mientras que los niveles de calor descender\u00edan en la regi\u00f3n pampeana, litorale\u00f1a y norte\u00f1a.<\/p>\n\n\n\n<p>Despu\u00e9s de varios d\u00edas de temperaturas templadas, el organismo meteorol\u00f3gico advirti\u00f3 que&nbsp;<strong>las provincias de Buenos Aires, La Pampa, el norte de R\u00edo Negro, Neuqu\u00e9n, Mendoza, San Luis, C\u00f3rdoba, San Juan, La Rioja, Catamarca, la mitad oeste de Salta, el sureste de Santiago del Estero, el sector oeste de Entre R\u00edos, y parte del noroeste y sur de Santa Fe estar\u00e1n bajo alerta amarilla&nbsp;<\/strong>por temperaturas extremas.<\/p>\n\n\n\n<p>Seg\u00fan la escala de valores ideada por el SMN, el calor que azotar\u00e1 a las zonas mencionadas&nbsp;<strong>representar\u00e1 un riesgo moderado para la salud de los habitantes.&nbsp;<\/strong>No obstante, remarcaron que las altas temperaturas ser\u00edan mayormente perjudiciales para los ni\u00f1os, ni\u00f1as, adultos mayores de 65 a\u00f1os y pacientes diagnosticados con enfermedades cr\u00f3nicas.<strong><br><\/strong><\/p>\n","protected":false},"excerpt":{"rendered":"<p>Luego de una semana de alivio, el Servicio Meteorol\u00f3gico Nacional anticip\u00f3 otro fin de semana caluroso en gran parte del<\/p>\n","protected":false},"author":1,"featured_media":15605,"comment_status":"open","ping_status":"open","sticky":false,"template":"","format":"standard","meta":{"colormag_page_container_layout":"default_layout","colormag_page_sidebar_layout":"default_layout","footnotes":""},"categories":[5,8],"tags":[],"class_list":["post-15604","post","type-post","status-publish","format-standard","has-post-thumbnail","hentry","category-nacionales","category-ultimas-noticias"],"_links":{"self":[{"href":"https:\/\/notipampa.com\/index.php?rest_route=\/wp\/v2\/posts\/15604","targetHints":{"allow":["GET"]}}],"collection":[{"href":"https:\/\/notipampa.com\/index.php?rest_route=\/wp\/v2\/posts"}],"about":[{"href":"https:\/\/notipampa.com\/index.php?rest_route=\/wp\/v2\/types\/post"}],"author":[{"embeddable":true,"href":"https:\/\/notipampa.com\/index.php?rest_route=\/wp\/v2\/users\/1"}],"replies":[{"embeddable":true,"href":"https:\/\/notipampa.com\/index.php?rest_route=%2Fwp%2Fv2%2Fcomments&post=15604"}],"version-history":[{"count":1,"href":"https:\/\/notipampa.com\/index.php?rest_route=\/wp\/v2\/posts\/15604\/revisions"}],"predecessor-version":[{"id":15606,"href":"https:\/\/notipampa.com\/index.php?rest_route=\/wp\/v2\/posts\/15604\/revisions\/15606"}],"wp:featuredmedia":[{"embeddable":true,"href":"https:\/\/notipampa.com\/index.php?rest_route=\/wp\/v2\/media\/15605"}],"wp:attachment":[{"href":"https:\/\/notipampa.com\/index.php?rest_route=%2Fwp%2Fv2%2Fmedia&parent=15604"}],"wp:term":[{"taxonomy":"category","embeddable":true,"href":"https:\/\/notipampa.com\/index.php?rest_route=%2Fwp%2Fv2%2Fcategories&post=15604"},{"taxonomy":"post_tag","embeddable":true,"href":"https:\/\/notipampa.com\/index.php?rest_route=%2Fwp%2Fv2%2Ftags&post=15604"}],"curies":[{"name":"wp","href":"https:\/\/api.w.org\/{rel}","templated":true}]}}