{"id":15589,"date":"2025-02-19T08:18:01","date_gmt":"2025-02-19T11:18:01","guid":{"rendered":"https:\/\/notipampa.com\/?p=15589"},"modified":"2025-02-19T08:18:02","modified_gmt":"2025-02-19T11:18:02","slug":"el-gobierno-de-la-pampa-recompone-salarios-de-estatales-incrementandolos-un-7-por-encima-de-la-inflacion","status":"publish","type":"post","link":"https:\/\/notipampa.com\/?p=15589","title":{"rendered":"El Gobierno de La Pampa recompone salarios de estatales increment\u00e1ndolos un 7 % por encima de la inflaci\u00f3n"},"content":{"rendered":"\n<p><strong>El Gobierno provincial destinar\u00e1 una fuerte inversi\u00f3n que impactar\u00e1 tambi\u00e9n en el volumen de la actividad econ\u00f3mica. Este incremento no s\u00f3lo reforzar\u00e1 el poder adquisitivo del salario, sino que beneficiar\u00e1 sobremanera a los sectores econ\u00f3micos cuya viabilidad y rentabilidad depende del consumo. \u00a0<\/strong><\/p>\n\n\n\n<p>El acuerdo paritario abarca el trimestre febrero-abril y consiste en un \u201caumento sobre los conceptos de escala salarial\u201d, que se abonar\u00e1 de la siguiente manera:<\/p>\n\n\n\n<ul class=\"wp-block-list\">\n<li><strong>Para el mes de febrero,<\/strong>\u00a0el aumento ser\u00e1 la inflaci\u00f3n del mes de enero (que seg\u00fan el IPC-INDEC Regi\u00f3n Pampeana fue del 2.3 %), m\u00e1s una recomposici\u00f3n real del 3 %.<\/li>\n\n\n\n<li><strong>Para el mes de marzo,<\/strong>\u00a0el aumento ser\u00e1 la inflaci\u00f3n del mes de febrero m\u00e1s una recomposici\u00f3n real del 2 %.<\/li>\n\n\n\n<li><strong>Para el mes de abril<\/strong>, el aumento ser\u00e1 la inflaci\u00f3n del mes de marzo m\u00e1s una recomposici\u00f3n real del 2 %.<\/li>\n<\/ul>\n\n\n\n<p>En consecuencia, la&nbsp;<strong>recomposici\u00f3n real del salario acumulativa en el trimestre llega al 7,16 %<\/strong>, que se suma a los aumentos mensuales seg\u00fan la variaci\u00f3n de Indice de Precios al Consumidor INDEC.<\/p>\n\n\n\n<p><strong>Incrementos del primer cuatrimestre 2025<\/strong><\/p>\n\n\n\n<p>Esta variaci\u00f3n del salario, en 2025 se complementa con el incremento del 4,86 aplicado en el mes de enero.<br>En virtud de ello, y de acuerdo a las proyecciones inflacionarias, el aumento general para el cuatrimestre enero-mayo se ubicar\u00e1 en el orden del 18\/20 %.<\/p>\n\n\n\n<p><strong>Incremento salarial del a\u00f1o 2024<\/strong><\/p>\n\n\n\n<p>En l\u00ednea con la postura del Gobierno en la importancia del poder adquisitivo de los salarios, durante el a\u00f1o 2024 la pauta salarial general fue del 114 %, mientras el m\u00ednimo garantizado subi\u00f3 un 183 % y las asignaciones familiares fueron incrementadas en un 245 %.<\/p>\n\n\n\n<p>Ello permiti\u00f3 ubicar a todos los agentes estatales cerrar el a\u00f1o 2024 con ingresos por encima de la l\u00ednea de pobreza, situaci\u00f3n que se mantiene en la actualidad.<\/p>\n","protected":false},"excerpt":{"rendered":"<p>El Gobierno provincial destinar\u00e1 una fuerte inversi\u00f3n que impactar\u00e1 tambi\u00e9n en el volumen de la actividad econ\u00f3mica. Este incremento no<\/p>\n","protected":false},"author":1,"featured_media":15590,"comment_status":"open","ping_status":"open","sticky":false,"template":"","format":"standard","meta":{"colormag_page_container_layout":"default_layout","colormag_page_sidebar_layout":"default_layout","footnotes":""},"categories":[7,4,8],"tags":[],"class_list":["post-15589","post","type-post","status-publish","format-standard","has-post-thumbnail","hentry","category-politica","category-provincia","category-ultimas-noticias"],"_links":{"self":[{"href":"https:\/\/notipampa.com\/index.php?rest_route=\/wp\/v2\/posts\/15589","targetHints":{"allow":["GET"]}}],"collection":[{"href":"https:\/\/notipampa.com\/index.php?rest_route=\/wp\/v2\/posts"}],"about":[{"href":"https:\/\/notipampa.com\/index.php?rest_route=\/wp\/v2\/types\/post"}],"author":[{"embeddable":true,"href":"https:\/\/notipampa.com\/index.php?rest_route=\/wp\/v2\/users\/1"}],"replies":[{"embeddable":true,"href":"https:\/\/notipampa.com\/index.php?rest_route=%2Fwp%2Fv2%2Fcomments&post=15589"}],"version-history":[{"count":1,"href":"https:\/\/notipampa.com\/index.php?rest_route=\/wp\/v2\/posts\/15589\/revisions"}],"predecessor-version":[{"id":15591,"href":"https:\/\/notipampa.com\/index.php?rest_route=\/wp\/v2\/posts\/15589\/revisions\/15591"}],"wp:featuredmedia":[{"embeddable":true,"href":"https:\/\/notipampa.com\/index.php?rest_route=\/wp\/v2\/media\/15590"}],"wp:attachment":[{"href":"https:\/\/notipampa.com\/index.php?rest_route=%2Fwp%2Fv2%2Fmedia&parent=15589"}],"wp:term":[{"taxonomy":"category","embeddable":true,"href":"https:\/\/notipampa.com\/index.php?rest_route=%2Fwp%2Fv2%2Fcategories&post=15589"},{"taxonomy":"post_tag","embeddable":true,"href":"https:\/\/notipampa.com\/index.php?rest_route=%2Fwp%2Fv2%2Ftags&post=15589"}],"curies":[{"name":"wp","href":"https:\/\/api.w.org\/{rel}","templated":true}]}}