{"id":15536,"date":"2025-02-12T13:39:11","date_gmt":"2025-02-12T16:39:11","guid":{"rendered":"https:\/\/notipampa.com\/?p=15536"},"modified":"2025-02-12T13:39:12","modified_gmt":"2025-02-12T16:39:12","slug":"video-alvear-agustina-garcia-hablo-del-conflicto-con-empleados-municipales-a-15-dias-de-las-manifestaciones-frente-al-edificio-municipal","status":"publish","type":"post","link":"https:\/\/notipampa.com\/?p=15536","title":{"rendered":"(Video) Alvear: Agustina Garc\u00eda hablo del conflicto con empleados municipales a 15 d\u00edas de las manifestaciones frente al edificio municipal"},"content":{"rendered":"\n<p><strong>La Viceintendente de Intendente Alvear, Agustina Garc\u00eda brind\u00f3 una nota exclusiva a NotiPampa en la que abord\u00f3 la situaci\u00f3n actual del conflicto con un sector de trabajadores municipales, quienes contin\u00faan con medidas de fuerza<\/strong> <strong>despu\u00e9s de 15 d\u00edas<\/strong><\/p>\n\n\n\n<figure class=\"wp-block-embed is-type-video is-provider-youtube wp-block-embed-youtube wp-embed-aspect-16-9 wp-has-aspect-ratio\"><div class=\"wp-block-embed__wrapper\">\n<iframe title=\"Alvear: Agustina Garc\u00eda hablo del conflicto con empleados municipales\" width=\"800\" height=\"450\" src=\"https:\/\/www.youtube.com\/embed\/iG7ffDh4KWM?feature=oembed\" frameborder=\"0\" allow=\"accelerometer; autoplay; clipboard-write; encrypted-media; gyroscope; picture-in-picture; web-share\" referrerpolicy=\"strict-origin-when-cross-origin\" allowfullscreen><\/iframe>\n<\/div><\/figure>\n","protected":false},"excerpt":{"rendered":"<p>La Viceintendente de Intendente Alvear, Agustina Garc\u00eda brind\u00f3 una nota exclusiva a NotiPampa en la que abord\u00f3 la situaci\u00f3n actual<\/p>\n","protected":false},"author":1,"featured_media":15537,"comment_status":"open","ping_status":"open","sticky":false,"template":"","format":"standard","meta":{"colormag_page_container_layout":"default_layout","colormag_page_sidebar_layout":"default_layout","footnotes":""},"categories":[6,7,8],"tags":[],"class_list":["post-15536","post","type-post","status-publish","format-standard","has-post-thumbnail","hentry","category-locales","category-politica","category-ultimas-noticias"],"_links":{"self":[{"href":"https:\/\/notipampa.com\/index.php?rest_route=\/wp\/v2\/posts\/15536","targetHints":{"allow":["GET"]}}],"collection":[{"href":"https:\/\/notipampa.com\/index.php?rest_route=\/wp\/v2\/posts"}],"about":[{"href":"https:\/\/notipampa.com\/index.php?rest_route=\/wp\/v2\/types\/post"}],"author":[{"embeddable":true,"href":"https:\/\/notipampa.com\/index.php?rest_route=\/wp\/v2\/users\/1"}],"replies":[{"embeddable":true,"href":"https:\/\/notipampa.com\/index.php?rest_route=%2Fwp%2Fv2%2Fcomments&post=15536"}],"version-history":[{"count":1,"href":"https:\/\/notipampa.com\/index.php?rest_route=\/wp\/v2\/posts\/15536\/revisions"}],"predecessor-version":[{"id":15538,"href":"https:\/\/notipampa.com\/index.php?rest_route=\/wp\/v2\/posts\/15536\/revisions\/15538"}],"wp:featuredmedia":[{"embeddable":true,"href":"https:\/\/notipampa.com\/index.php?rest_route=\/wp\/v2\/media\/15537"}],"wp:attachment":[{"href":"https:\/\/notipampa.com\/index.php?rest_route=%2Fwp%2Fv2%2Fmedia&parent=15536"}],"wp:term":[{"taxonomy":"category","embeddable":true,"href":"https:\/\/notipampa.com\/index.php?rest_route=%2Fwp%2Fv2%2Fcategories&post=15536"},{"taxonomy":"post_tag","embeddable":true,"href":"https:\/\/notipampa.com\/index.php?rest_route=%2Fwp%2Fv2%2Ftags&post=15536"}],"curies":[{"name":"wp","href":"https:\/\/api.w.org\/{rel}","templated":true}]}}