{"id":15495,"date":"2025-02-08T14:23:02","date_gmt":"2025-02-08T17:23:02","guid":{"rendered":"https:\/\/notipampa.com\/?p=15495"},"modified":"2025-02-08T14:23:04","modified_gmt":"2025-02-08T17:23:04","slug":"video-alvear-declaraciones-de-agustina-garcia-por-el-conflicto-con-empleados-municipales","status":"publish","type":"post","link":"https:\/\/notipampa.com\/?p=15495","title":{"rendered":"(Video) Alvear: Declaraciones de Agustina Garc\u00eda por el conflicto con empleados municipales"},"content":{"rendered":"\n<p><strong>La Viceintendente de Intendente Alvear, Agustina Garc\u00eda junto al presidente del Concejo Deliberante, Fernando Aznarez, brind\u00f3 una conferencia de prensa en la que abord\u00f3 la situaci\u00f3n actual del conflicto con un sector de trabajadores municipales, quienes contin\u00faan con medidas de fuerza.<\/strong><\/p>\n\n\n\n<p>\u201cEn primer lugar debo pedir disculpas a los vecinos por esta situaci\u00f3n, no es lindo, no es c\u00f3modo el ruido, no es c\u00f3moda la situaci\u00f3n que tenemos en la vereda de la municipalidad con carpas, con gente constantemente ah\u00ed\u201d expres\u00f3 Garc\u00eda. Sin embargo, remarc\u00f3 que \u201ces a lo que hemos llegado, la decisi\u00f3n es de ellos de quedarse ah\u00ed\u201d.<\/p>\n\n\n\n<p>La Viceintendente reafirm\u00f3 el compromiso de la gesti\u00f3n con el cuidado de los recursos municipales y destac\u00f3 que \u201clos recursos son de los vecinos, no nos pertenecen a nosotros, y tienen que verse reflejados en los servicios y en obras\u201d.<\/p>\n\n\n\n<p>Asimismo, Garc\u00eda explic\u00f3 que \u201choy, como saben, hay una ordenanza municipal que proh\u00edbe los ingresos a contratos y planta permanente hasta el 31 de mayo de 2025. Se vot\u00f3 en mayo de 2024 y eso tambi\u00e9n fue aclarado y expuesto. Se llev\u00f3 una copia de la ordenanza a la Direcci\u00f3n de Relaciones Laborales cuando en su momento se habl\u00f3 de la posibilidad de contratar personal\u201d.<\/p>\n\n\n\n<p>La Viceintendente tambi\u00e9n mencion\u00f3 que ha mantenido reuniones con distintas \u00e1reas municipales: \u201cHoy estuve reunida con el personal del corral\u00f3n municipal, me voy a estar reuniendo con el personal de las distintas \u00e1reas; estuvimos charlando, se les agradeci\u00f3 a los que s\u00ed estuvieron trabajando, que son la mayor\u00eda, se les agradeci\u00f3 por el compromiso, por el trabajo, por su responsabilidad\u201d.<\/p>\n\n\n\n<p>En cuanto a la posibilidad de nuevos contratos, Garc\u00eda indic\u00f3 que \u201cmantuvimos una reuni\u00f3n con los concejales del bloque oficialista donde se analiza la posibilidad de hacer algunos contratos una vez finalizado el plazo de la ordenanza, obviamente con ciertas condiciones. Pero tienen que ser para aquellos que realmente trabajan y se lo merecen\u201d.<\/p>\n\n\n\n<p>En esa l\u00ednea, destac\u00f3 que \u201chay mucha gente que trabaja hace muchos a\u00f1os en la municipalidad dentro del Plan Trabajar Comunal, mal llamado en negro. Y tienen un nivel de compromiso, de responsabilidad, no faltan, cumplen, son responsables en las tareas que se les piden y son merecedores de ese contrato; y que hoy no est\u00e1n afuera tocando los bombos, sino que est\u00e1n trabajando y brindando servicios a los vecinos de la localidad. Creo que como vecinos nos merecemos ese tipo de trabajadores\u201d.<\/p>\n\n\n\n<p>Por \u00faltimo, la Viceintendente lament\u00f3 la escalada del conflicto y reafirm\u00f3 la postura del municipio: \u201cEl di\u00e1logo se mantiene con los trabajadores directamente, con los que est\u00e1n cumpliendo con su tarea. Esta situaci\u00f3n se ha tornado violenta y no grata. Hemos tenido algunas quejas de algunos trabajadores por amenazas, por impedir el trabajo, vulnerar el derecho de los que s\u00ed quieren trabajar. Yo con esa actitud no puedo dialogar, con gente que se dedica a amedrentar y amenazar los derechos de los dem\u00e1s. No es mi forma de ser. No lo voy a hacer\u201d. concluy\u00f3 Garc\u00eda.<\/p>\n\n\n\n<p>Por su parte, Aznarez coment\u00f3 el fundamento de la ordenanza en cuesti\u00f3n, resaltando que la misma busca proteger los escasos recursos municipales, recordando que durante los primeros meses de la actual gesti\u00f3n fue necesario ajustar los gastos y adecuar las medidas a la situaci\u00f3n econ\u00f3mica que se presentaba. Tambi\u00e9n hizo referencia al estado del parque automotor, las herramientas y maquinaria del municipio, y el motivo por el que todos los recursos deb\u00edan orientarse a la prestaci\u00f3n de servicios, suspendiendo moment\u00e1neamente el ingreso de personal. \u201cComo bloque oficialista acompa\u00f1amos la gesti\u00f3n del ejecutivo y para eso tenemos que brindarle las herramientas necesarias para poder gestionar\u201d. &nbsp;Tambi\u00e9n agreg\u00f3 que una vez finalizado el plazo de la ordenanza, a fines de mayo, se evaluar\u00e1 nuevamente la situaci\u00f3n econ\u00f3mica y la posibilidad real de regular el ingreso de personal, de acuerdo a los lineamientos legales que corresponden al sector p\u00fablico.&nbsp;<\/p>\n\n\n\n<figure class=\"wp-block-embed is-type-video is-provider-youtube wp-block-embed-youtube wp-embed-aspect-16-9 wp-has-aspect-ratio\"><div class=\"wp-block-embed__wrapper\">\n<iframe title=\"Alvear: Declaraciones de Agustina Garc\u00eda por el conflicto con empleados municipales\" width=\"800\" height=\"450\" src=\"https:\/\/www.youtube.com\/embed\/Oe0nCuoxDow?feature=oembed\" frameborder=\"0\" allow=\"accelerometer; autoplay; clipboard-write; encrypted-media; gyroscope; picture-in-picture; web-share\" referrerpolicy=\"strict-origin-when-cross-origin\" allowfullscreen><\/iframe>\n<\/div><\/figure>\n\n\n\n<p>Video: Gentileza de Nosotros en Vivo<\/p>\n","protected":false},"excerpt":{"rendered":"<p>La Viceintendente de Intendente Alvear, Agustina Garc\u00eda junto al presidente del Concejo Deliberante, Fernando Aznarez, brind\u00f3 una conferencia de prensa<\/p>\n","protected":false},"author":1,"featured_media":15496,"comment_status":"open","ping_status":"open","sticky":false,"template":"","format":"standard","meta":{"colormag_page_container_layout":"default_layout","colormag_page_sidebar_layout":"default_layout","footnotes":""},"categories":[6,7,8],"tags":[],"class_list":["post-15495","post","type-post","status-publish","format-standard","has-post-thumbnail","hentry","category-locales","category-politica","category-ultimas-noticias"],"_links":{"self":[{"href":"https:\/\/notipampa.com\/index.php?rest_route=\/wp\/v2\/posts\/15495","targetHints":{"allow":["GET"]}}],"collection":[{"href":"https:\/\/notipampa.com\/index.php?rest_route=\/wp\/v2\/posts"}],"about":[{"href":"https:\/\/notipampa.com\/index.php?rest_route=\/wp\/v2\/types\/post"}],"author":[{"embeddable":true,"href":"https:\/\/notipampa.com\/index.php?rest_route=\/wp\/v2\/users\/1"}],"replies":[{"embeddable":true,"href":"https:\/\/notipampa.com\/index.php?rest_route=%2Fwp%2Fv2%2Fcomments&post=15495"}],"version-history":[{"count":1,"href":"https:\/\/notipampa.com\/index.php?rest_route=\/wp\/v2\/posts\/15495\/revisions"}],"predecessor-version":[{"id":15497,"href":"https:\/\/notipampa.com\/index.php?rest_route=\/wp\/v2\/posts\/15495\/revisions\/15497"}],"wp:featuredmedia":[{"embeddable":true,"href":"https:\/\/notipampa.com\/index.php?rest_route=\/wp\/v2\/media\/15496"}],"wp:attachment":[{"href":"https:\/\/notipampa.com\/index.php?rest_route=%2Fwp%2Fv2%2Fmedia&parent=15495"}],"wp:term":[{"taxonomy":"category","embeddable":true,"href":"https:\/\/notipampa.com\/index.php?rest_route=%2Fwp%2Fv2%2Fcategories&post=15495"},{"taxonomy":"post_tag","embeddable":true,"href":"https:\/\/notipampa.com\/index.php?rest_route=%2Fwp%2Fv2%2Ftags&post=15495"}],"curies":[{"name":"wp","href":"https:\/\/api.w.org\/{rel}","templated":true}]}}