{"id":15490,"date":"2025-02-07T12:19:02","date_gmt":"2025-02-07T15:19:02","guid":{"rendered":"https:\/\/notipampa.com\/?p=15490"},"modified":"2025-02-07T12:19:03","modified_gmt":"2025-02-07T15:19:03","slug":"alvear-fbc-participara-en-el-torneo-provincial-de-futbol-para-categorias-formativas","status":"publish","type":"post","link":"https:\/\/notipampa.com\/?p=15490","title":{"rendered":"Alvear FBC participar\u00e1 en el Torneo Provincial de F\u00fatbol para categor\u00edas formativas"},"content":{"rendered":"\n<p><strong>&#8220;El f\u00fatbol de La Pampa goza de muy buena salud&#8221;, asegur\u00f3 el subsecretario de Deportes, Ceferino Almud\u00e9var, en la presentaci\u00f3n de la competencia.\u00a0<\/strong><\/p>\n\n\n\n<p>El Torneo Provincial de F\u00fatbol para categor\u00edas formativas, que reunir\u00e1 a los mejores juveniles de La Pampa y se pondr\u00e1 en marcha este s\u00e1bado en diferentes localidades, fue presentado oficialmente hoy en la Subsecretar\u00eda de Deportes, Recreaci\u00f3n y Turismo del Ministerio de Desarrollo Social y Derechos Humanos, con la presencia de futbolistas de las diferentes instituciones participantes, entrenadores, dirigentes y autoridades provinciales y de las ligas.&nbsp;El torneo es organizado por la Subsecretar\u00eda de Deportes y re\u00fane a los mejores equipos de las tres ligas de La Pampa en las categor\u00edas 2007 (Cuarta), 2009 (Quinta) y 2010 (Sexta).&nbsp;El acto de lanzamiento estuvo encabezado por el subsecretario de Deportes, Recreaci\u00f3n y Turismo Social del Ministerio de Desarrollo Social y DDHH, Ceferino Almud\u00e9var; el dirigente de la Liga Cultural, Gabriel Perazzi; el presidente de la Liga Pampeana, Luis Ov\u00edn; el titular de la Liga Regional Sure\u00f1a, H\u00e9ctor Mal\u00e1n; m\u00e1s futbolistas de los clubes participantes.<\/p>\n\n\n\n<p><strong>Los mejores de la Patagonia<\/strong><br>\u201cEl f\u00fatbol de La Pampa goza de muy buena salud\u201d, dijo el subsecretario al presentar el Provincial de formativas, un torneo que \u201crefleja el gran trabajo que se hace en las instituciones\u201d cada d\u00eda.<br>\u201cEse trabajo nos permite disfrutar de nuestros j\u00f3venes, que en este caso no s\u00f3lo son los mejores de La Pampa, sino tambi\u00e9n los mejores de la Patagonia argentina y chilena, porque en los \u00faltimos a\u00f1os nos hicimos due\u00f1os de la Patagonia debido a que las selecciones pampeanas vienen saliendo campeonas de los Juegos Epade y Juegos de la Araucan\u00eda\u201d, remarc\u00f3.<br>\u201cY eso nos muestra -continu\u00f3- que los chicos de nuestra Provincia est\u00e1n bien trabajados y formados, por lo que quiero resaltar el trabajo que hace cada entrenador. Y ac\u00e1 est\u00e1 el Provincial de inferiores, que consolida y ratifica ese trabajo\u201d.<br>En ese contexto, destac\u00f3 que hay much\u00edsimos jugadores pampeanos participando de ligas importantes de Argentina y el mundo, m\u00e1s los chicos de la Provincia que est\u00e1n haciendo su camino en divisiones inferiores del f\u00fatbol de AFA.<br>Y reflexion\u00f3: \u201cA veces criticamos un poco el laburo de nuestro f\u00fatbol y estamos poniendo en tela de juicio el trabajo que se hace en las ligas, pero el resultado es este, con much\u00edsimos chicos jugando, compitiendo en el alto nivel, con muchos que van a utilizar al f\u00fatbol como medio de vida y otros que a partir de esto van a abrazar al deporte como modo de vida\u201d.<br>En el mismo sentido, el subsecretario agradeci\u00f3 \u201ca los dirigentes de las ligas porque est\u00e1n permanentemente trabajando para mejorar\u201d, felicit\u00f3 \u201ca los entrenadores pampeanos que hacen un laburo enorme formando jugadores\u201d, y especialmente salud\u00f3 \u201ca lo m\u00e1s importante, que son los chicos\u201d.<br>Finalmente, se lament\u00f3 porque hab\u00eda clubes que no estaban presentes y remarc\u00f3 que \u201chay que visibilizar las cosas, porque con el solo hecho de mostrar las camisetas, que van a estar en todos los medios, se muestra el gran trabajo que se est\u00e1 haciendo\u201d.<\/p>\n\n\n\n<p><strong>Testimonios<\/strong><br>A su turno, el presidente de la Liga Sure\u00f1a, H\u00e9ctor Mal\u00e1n, agradeci\u00f3 \u201cal gobierno de La Pampa, a trav\u00e9s del subsecretario, por seguir adelante con esto tan importante que es la competencia de las formativas\u201d.<br>En ese contexto, para valorar al Provincial record\u00f3 una frase que le dijo el ex arquero de R\u00edver y hoy radicado en Jacinto Arauz, Jorge Ferrero, cuando hace mucho tiempo lleg\u00f3 a la ciudad para jugar en Independiente: \u201cLo m\u00e1s importante para el crecimiento de un futbolista es la competencia.&nbsp;Y para nosotros, como Liga, poder participar de un Provincial, que es una competencia superior, es sumamente importante\u201d, cerr\u00f3.<br>El presidente de la Liga Pampeana reconoci\u00f3 \u201cel esfuerzo que hace la Provincia para llevar adelante esta competencia, que hace crecer el nivel de todos los chicos.&nbsp;Quiero pedir que, como mayores, demos el ejemplo de buena educaci\u00f3n desde afuera hacia adentro. Y a los chicos que entiendan que el que tienen adelante no es un enemigo, sino un adversario deportivo. Que traten de confraternizar, que prioricen el juego, se diviertan y sepan que el resultado es una contingencia, que si no se da este a\u00f1o se puede dar el que viene\u201d. se\u00f1al\u00f3.<br>Finalmente, el representante de la Liga Cultural, coincidi\u00f3 con sus pares en \u201cagradecer a la Provincia y a la Subsecretar\u00eda por organizar este tipo de torneos que fomentan la actividad de los chicos y el trabajo que se viene haciendo\u201d. Adem\u00e1s, felicit\u00f3 a los chicos \u201cpor el trabajo que hicieron para estar en un Provincial\u201d. Y concluy\u00f3, \u201cson unos privilegiados, lo tienen que disfrutar\u201d.<\/p>\n\n\n\n<p><strong>Caracter\u00edsticas del torneo<\/strong><br>El Provincial de formativas est\u00e1 reservado para las categor\u00edas 2007 (Cuarta), 2009 (Quinta) y 2010 (Sexta), y en cada una jugar\u00e1n los ocho equipos clasificados entre las tres ligas: tres por la Liga Cultural, tres por la Pampeana y dos por la Regional Sure\u00f1a.<br>En cada categor\u00eda, los ocho equipos estar\u00e1n divididos en dos zonas (A y B). En la primera fase jugar\u00e1n todos contra todos a una sola rueda dentro de cada zona, y todos clasificar\u00e1n a los cuartos de final.<br>En esa instancia se cruzar\u00e1n, a partido \u00fanico, los equipos de una zona con los de la otra: 1 vs. 4, &nbsp;2 vs. 3, 3 vs. 2 y 4 vs. 1. Los mejores pasar\u00e1n a semifinales, que se disputar\u00e1n con partidos de ida y vuelta. La final entre los dos mejores de cada categor\u00eda se jugar\u00e1 a un solo partido en una sede \u00fanica (las tres finales), en jurisdicci\u00f3n de la Liga Cultural.<br>En Cuarta (2007) jugar\u00e1n Mac Allister, La Barranca, Pampero de Guatrach\u00e9 y Costa Brava (Zona A); Pico FBC, Racing de Castex, Gimnasia de Darregueira y Belgrano de Santa Rosa (Zona B).<br>En Quinta (2009) jugar\u00e1n Mac Allister, Uni\u00f3n Deportiva Bernasconi, Independiente de General Pico y Belgrano de Santa Rosa (Zona A); Ferro de Pico, Pico FBC, Sportivo y Cultural de General San Mart\u00edn y All Boys de Santa Rosa (Zona B).<br>En Sexta (2010) jugar\u00e1n Mac Allister, Campos de General Acha, Costa Brava y Racing de Eduardo Castex (Zona A); Alvear FBC, All Boys de Trenel, La Barranca y All Boys de Santa Rosa (Zona B).<\/p>\n\n\n\n<p><strong>Primera fecha<\/strong><br>La primera fecha se disputar\u00e1 este s\u00e1bado 8 con la siguiente programaci\u00f3n:<br>Categor\u00eda 2007: Zona A: a las 13, Mac Allister vs. La Barranca; a las 17, Pampero de Guatrach\u00e9 vs. Costa Brava. Zona B: a las 17, Pico FBC vs. Racing Club y Gimnasia de Darregueira vs. Belgrano de Santa Rosa.<br>Categor\u00eda 2009: Zona A: a las 15, Mac Allister vs. Uni\u00f3n Bernasconi; a las 20, Independiente de Pico vs. Belgrano de Santa Rosa. Zona B: a las 17, Sportivo de General San Mart\u00edn vs. All Boys de Santa Rosa; a las 20 Ferro de Pico vs. Pico FBC.<br>Categor\u00eda 2010: Zona A: a las 17, Mac Allister vs. Campos de Acha y Costa Brava vs. Racing Club. Zona B: a las 17, Alvear FBC vs. All Boys de Trenel y La Barranca vs. All Boys de Santa Rosa.<\/p>\n\n\n\n<figure class=\"wp-block-image size-large\"><img fetchpriority=\"high\" decoding=\"async\" width=\"1024\" height=\"1024\" src=\"https:\/\/notipampa.com\/wp-content\/uploads\/2025\/02\/476614955_18320607688163330_4765555708474430060_n-1024x1024.jpg\" alt=\"\" class=\"wp-image-15492\" srcset=\"https:\/\/notipampa.com\/wp-content\/uploads\/2025\/02\/476614955_18320607688163330_4765555708474430060_n-1024x1024.jpg 1024w, https:\/\/notipampa.com\/wp-content\/uploads\/2025\/02\/476614955_18320607688163330_4765555708474430060_n-300x300.jpg 300w, https:\/\/notipampa.com\/wp-content\/uploads\/2025\/02\/476614955_18320607688163330_4765555708474430060_n-150x150.jpg 150w, https:\/\/notipampa.com\/wp-content\/uploads\/2025\/02\/476614955_18320607688163330_4765555708474430060_n-768x768.jpg 768w, https:\/\/notipampa.com\/wp-content\/uploads\/2025\/02\/476614955_18320607688163330_4765555708474430060_n.jpg 1440w\" sizes=\"(max-width: 1024px) 100vw, 1024px\" \/><\/figure>\n","protected":false},"excerpt":{"rendered":"<p>&#8220;El f\u00fatbol de La Pampa goza de muy buena salud&#8221;, asegur\u00f3 el subsecretario de Deportes, Ceferino Almud\u00e9var, en la presentaci\u00f3n<\/p>\n","protected":false},"author":1,"featured_media":15491,"comment_status":"open","ping_status":"open","sticky":false,"template":"","format":"standard","meta":{"colormag_page_container_layout":"default_layout","colormag_page_sidebar_layout":"default_layout","footnotes":""},"categories":[10,4,8],"tags":[],"class_list":["post-15490","post","type-post","status-publish","format-standard","has-post-thumbnail","hentry","category-sports","category-provincia","category-ultimas-noticias"],"_links":{"self":[{"href":"https:\/\/notipampa.com\/index.php?rest_route=\/wp\/v2\/posts\/15490","targetHints":{"allow":["GET"]}}],"collection":[{"href":"https:\/\/notipampa.com\/index.php?rest_route=\/wp\/v2\/posts"}],"about":[{"href":"https:\/\/notipampa.com\/index.php?rest_route=\/wp\/v2\/types\/post"}],"author":[{"embeddable":true,"href":"https:\/\/notipampa.com\/index.php?rest_route=\/wp\/v2\/users\/1"}],"replies":[{"embeddable":true,"href":"https:\/\/notipampa.com\/index.php?rest_route=%2Fwp%2Fv2%2Fcomments&post=15490"}],"version-history":[{"count":1,"href":"https:\/\/notipampa.com\/index.php?rest_route=\/wp\/v2\/posts\/15490\/revisions"}],"predecessor-version":[{"id":15493,"href":"https:\/\/notipampa.com\/index.php?rest_route=\/wp\/v2\/posts\/15490\/revisions\/15493"}],"wp:featuredmedia":[{"embeddable":true,"href":"https:\/\/notipampa.com\/index.php?rest_route=\/wp\/v2\/media\/15491"}],"wp:attachment":[{"href":"https:\/\/notipampa.com\/index.php?rest_route=%2Fwp%2Fv2%2Fmedia&parent=15490"}],"wp:term":[{"taxonomy":"category","embeddable":true,"href":"https:\/\/notipampa.com\/index.php?rest_route=%2Fwp%2Fv2%2Fcategories&post=15490"},{"taxonomy":"post_tag","embeddable":true,"href":"https:\/\/notipampa.com\/index.php?rest_route=%2Fwp%2Fv2%2Ftags&post=15490"}],"curies":[{"name":"wp","href":"https:\/\/api.w.org\/{rel}","templated":true}]}}