{"id":15478,"date":"2025-02-07T08:18:52","date_gmt":"2025-02-07T11:18:52","guid":{"rendered":"https:\/\/notipampa.com\/?p=15478"},"modified":"2025-02-07T08:18:53","modified_gmt":"2025-02-07T11:18:53","slug":"alvear-recuperan-un-auto-sustraido-en-2024-en-buenos-aires","status":"publish","type":"post","link":"https:\/\/notipampa.com\/?p=15478","title":{"rendered":"Alvear: Recuperan un auto sustra\u00eddo en 2024 en Buenos Aires"},"content":{"rendered":"\n<p><strong>En un procedimiento realizado por personal de la Comisar\u00eda de Intendente Alvear, se logr\u00f3 recuperar un veh\u00edculo que hab\u00eda sido sustra\u00eddo en la provincia de Buenos Aires. Seg\u00fan inform\u00f3 el Comisario Cristian Castro, el hecho se registr\u00f3 el d\u00eda martes pasado, cuando se intercept\u00f3 en la v\u00eda p\u00fablica un Ford Ka modelo 2018.<\/strong><\/p>\n\n\n\n<p>Al solicitar los datos del rodado a la Direcci\u00f3n Nacional del Registro de la Propiedad del Automotor (DNRPA), se confirm\u00f3 que sobre el mismo pesaba una medida dictada por la UFI N\u00b02 de Lomas de Zamora, relacionada con el delito de robo o hurto de automotor con fecha del pasado 23 de mayo de 2024<\/p>\n\n\n\n<p>Durante las averiguaciones, la persona que conduc\u00eda el Ford Ka manifest\u00f3 haber adquirido el veh\u00edculo a un precio \u201cmuy econ\u00f3mico\u201d y por debajo de los valores habituales de mercado, lo que despert\u00f3 a\u00fan m\u00e1s sospechas. Adem\u00e1s, la c\u00e9dula verde que present\u00f3 result\u00f3 ser ap\u00f3crifa, constat\u00e1ndose la falsificaci\u00f3n tras los peritajes correspondientes en la planta de verificaci\u00f3n local.<\/p>\n\n\n\n<p>Tras informar los hechos a la Fiscal\u00eda interviniente, a cargo del Dr. Dami\u00e1n Campos, se dispuso la notificaci\u00f3n del conductor por el presunto delito de&nbsp;<em>encubrimiento<\/em>&nbsp;y su posterior liberaci\u00f3n. El Ford Ka fue secuestrado para las diligencias legales pertinentes.<\/p>\n\n\n\n<p>De esta manera, la Polic\u00eda de Intendente Alvear contin\u00faa trabajando en colaboraci\u00f3n con las autoridades judiciales para esclarecer el origen del automotor e identificar a quienes resulten responsables del il\u00edcito.<\/p>\n\n\n\n<figure class=\"wp-block-image\"><img decoding=\"async\" src=\"https:\/\/www.infopico.com\/wp-content\/uploads\/2025\/02\/WhatsApp-Image-2025-02-05-at-20.49.27.jpeg\" alt=\"\" class=\"wp-image-314575\"\/><\/figure>\n","protected":false},"excerpt":{"rendered":"<p>En un procedimiento realizado por personal de la Comisar\u00eda de Intendente Alvear, se logr\u00f3 recuperar un veh\u00edculo que hab\u00eda sido<\/p>\n","protected":false},"author":1,"featured_media":15479,"comment_status":"open","ping_status":"open","sticky":false,"template":"","format":"standard","meta":{"colormag_page_container_layout":"default_layout","colormag_page_sidebar_layout":"default_layout","footnotes":""},"categories":[6,56,8],"tags":[],"class_list":["post-15478","post","type-post","status-publish","format-standard","has-post-thumbnail","hentry","category-locales","category-policiales","category-ultimas-noticias"],"_links":{"self":[{"href":"https:\/\/notipampa.com\/index.php?rest_route=\/wp\/v2\/posts\/15478","targetHints":{"allow":["GET"]}}],"collection":[{"href":"https:\/\/notipampa.com\/index.php?rest_route=\/wp\/v2\/posts"}],"about":[{"href":"https:\/\/notipampa.com\/index.php?rest_route=\/wp\/v2\/types\/post"}],"author":[{"embeddable":true,"href":"https:\/\/notipampa.com\/index.php?rest_route=\/wp\/v2\/users\/1"}],"replies":[{"embeddable":true,"href":"https:\/\/notipampa.com\/index.php?rest_route=%2Fwp%2Fv2%2Fcomments&post=15478"}],"version-history":[{"count":1,"href":"https:\/\/notipampa.com\/index.php?rest_route=\/wp\/v2\/posts\/15478\/revisions"}],"predecessor-version":[{"id":15480,"href":"https:\/\/notipampa.com\/index.php?rest_route=\/wp\/v2\/posts\/15478\/revisions\/15480"}],"wp:featuredmedia":[{"embeddable":true,"href":"https:\/\/notipampa.com\/index.php?rest_route=\/wp\/v2\/media\/15479"}],"wp:attachment":[{"href":"https:\/\/notipampa.com\/index.php?rest_route=%2Fwp%2Fv2%2Fmedia&parent=15478"}],"wp:term":[{"taxonomy":"category","embeddable":true,"href":"https:\/\/notipampa.com\/index.php?rest_route=%2Fwp%2Fv2%2Fcategories&post=15478"},{"taxonomy":"post_tag","embeddable":true,"href":"https:\/\/notipampa.com\/index.php?rest_route=%2Fwp%2Fv2%2Ftags&post=15478"}],"curies":[{"name":"wp","href":"https:\/\/api.w.org\/{rel}","templated":true}]}}